{"id":773,"date":"2020-11-27T10:43:00","date_gmt":"2020-11-27T13:43:00","guid":{"rendered":"http:\/\/fabianobrasil.com.br\/site\/2020\/11\/27\/eventosdir\/"},"modified":"2020-11-27T10:43:00","modified_gmt":"2020-11-27T13:43:00","slug":"eventosdir","status":"publish","type":"post","link":"http:\/\/fabianobrasil.com.br\/site\/2020\/11\/27\/eventosdir\/","title":{"rendered":"Marcelo Campos \u00e9 o novo Diretor de Eventos da F. Brasil Produ\u00e7\u00f5es"},"content":{"rendered":"<p>A F. Brasil Produ\u00e7\u00f5es atr\u00e1ves do seu Diretor Geral, Fabiano Brasil, anunciou nesta sexta-feira, dia 27, Marcelo Campos, como novo diretor de eventos da empresa. At\u00e9 ent\u00e3o o cargo era acumulado por Fabiano, que saudou a chegada do profissional tamb\u00e9m neste novo desafio: &#8216;O Marcelo al\u00e9m de ser um grande amigo pessoal, re\u00fane o conhecimento necess\u00e1rio para dirigir esta pasta em nossa empresa. Ele tem a expertise, o relacionamento e a penetra\u00e7\u00e3o que o cargo exige. Estou muito feliz que ele tenha aceitado o convite!&#8221; disse Fabiano. Marcelo Campos tamb\u00e9m comemorou o novo &#8216;desafio&#8217;: &#8220;O Fabiano gosta de me desafiar e eu gosto disso. Estamos prontos para realizar grandes trabalhos em 2021. O ano promete!&#8221; Marcelo tamb\u00e9m estar\u00e1 \u00e0 frente do programa &#8216;Inspira\u00e7\u00e3o 50+&#8217; no canal de comunica\u00e7\u00e3o online POA Streaming a partir de janeiro de 2021. Marcelo \u00e9 formado em Fotografia desde 1994 e iniciou sua carreira no fotojornalismo como freelancer. Fotografando esportes tendo com foco o futebol e o marketing esportivo, Marcelo fotografou para marcas como ADIDAS-SUL, RED BULL, Gatorade, Mercadoimagem e TRAFFIC. Foi fotografo exclusivos de atletas como Fernand\u00e3o, Nilmar, Gui\u00f1az\u00fa e Magr\u00e3o. Ainda atuou como freelancer para Ag\u00eancia Preview, Gazetapress e VIPCOMM. Em ve\u00edculos: Jornal\u00a0 O Sul e Revista Goool. De 2010 a 2015 foi Gerente de Comunica\u00e7\u00e3o e Marketing da Federa\u00e7\u00e3o Ga\u00facha de Futebol. \u00c9 idealizador e autor do Livro Fernand\u00e3o Eterno. \u00a0 Foi presidente da ARFOC-RS (Associa\u00e7\u00e3o do Rep\u00f3rteres Fotogr\u00e1ficos e Cinematogr\u00e1ficos do Rio Grande do Sul). Idealizador e professor do\u00a0 Cursos B\u00e1sicos de Fotografia no Senac &#8211; Florian\u00f3polis.<\/p>\n","protected":false},"excerpt":{"rendered":"<p>A F. Brasil Produ\u00e7\u00f5es atr\u00e1ves do seu Diretor Geral, Fabiano Brasil, anunciou nesta sexta-feira, dia 27, Marcelo Campos, como novo diretor de eventos da empresa. At\u00e9 ent\u00e3o o cargo era acumulado por Fabiano, que saudou a chegada do profissional tamb\u00e9m neste novo desafio: &#8216;O Marcelo al\u00e9m de ser um grande amigo pessoal, re\u00fane o conhecimento [&hellip;]<\/p>\n","protected":false},"author":0,"featured_media":0,"comment_status":"open","ping_status":"open","sticky":false,"template":"","format":"standard","meta":{"footnotes":""},"categories":[1],"tags":[],"_links":{"self":[{"href":"http:\/\/fabianobrasil.com.br\/site\/wp-json\/wp\/v2\/posts\/773"}],"collection":[{"href":"http:\/\/fabianobrasil.com.br\/site\/wp-json\/wp\/v2\/posts"}],"about":[{"href":"http:\/\/fabianobrasil.com.br\/site\/wp-json\/wp\/v2\/types\/post"}],"replies":[{"embeddable":true,"href":"http:\/\/fabianobrasil.com.br\/site\/wp-json\/wp\/v2\/comments?post=773"}],"version-history":[{"count":0,"href":"http:\/\/fabianobrasil.com.br\/site\/wp-json\/wp\/v2\/posts\/773\/revisions"}],"wp:attachment":[{"href":"http:\/\/fabianobrasil.com.br\/site\/wp-json\/wp\/v2\/media?parent=773"}],"wp:term":[{"taxonomy":"category","embeddable":true,"href":"http:\/\/fabianobrasil.com.br\/site\/wp-json\/wp\/v2\/categories?post=773"},{"taxonomy":"post_tag","embeddable":true,"href":"http:\/\/fabianobrasil.com.br\/site\/wp-json\/wp\/v2\/tags?post=773"}],"curies":[{"name":"wp","href":"https:\/\/api.w.org\/{rel}","templated":true}]}}