{"id":772,"date":"2020-11-20T17:09:00","date_gmt":"2020-11-20T20:09:00","guid":{"rendered":"http:\/\/fabianobrasil.com.br\/site\/2020\/11\/20\/marcelogarcia\/"},"modified":"2020-11-20T17:09:00","modified_gmt":"2020-11-20T20:09:00","slug":"marcelogarcia","status":"publish","type":"post","link":"http:\/\/fabianobrasil.com.br\/site\/2020\/11\/20\/marcelogarcia\/","title":{"rendered":"F Brasil anuncia Marcelo Garcia como mais uma atra\u00e7\u00e3o confirmada no POA Streaming"},"content":{"rendered":"<p>O radialista Marcelo Garcia estar\u00e1 no Poa Streaming. O an\u00fancio foi feito nesta sexta-feira, dia 20, pelo diretor da F. Brasil Produ\u00e7\u00f5es, Fabiano Brasil. &#8220;O Marcelo tem uma experi\u00eancia que vai contribuir muito em nosso time trazendo um segmento que tem o seu p\u00fablico muito cativo, e mais do que isso, vai oportunizar que novos talentos da m\u00fasica possam ganhar o seu espa\u00e7o!&#8221; afirmou Fabiano Brasl. Garcia tamb\u00e9m demonstrou sua alegria em fazer parte do projeto: &#8220;Feliz em estar participando desse projeto capitaneado pelo Fabiano. Vamos estar juntos falando de m\u00fasica, shows, entretenimento, convidados e bom papo&#8230; Em breve, te aguardo na POA Streaming!&#8221; disse Marcelo j\u00e1 realizando o convite para acompanharem o seu trabalho. Marcelo Garcia \u00e9 contratado da Rede Pampa onde atua na R\u00e1dio 104 FM, onde segue normalmente desempenhando as suas atividades. No POA Streaming, ele atuar\u00e1 na faixa da tarde de segunda \u00e0 sexta. &#8220;A grade completa ainda \u00e9 uma surpresa!&#8221; brincou Fabiano Brasil.<\/p>\n","protected":false},"excerpt":{"rendered":"<p>O radialista Marcelo Garcia estar\u00e1 no Poa Streaming. O an\u00fancio foi feito nesta sexta-feira, dia 20, pelo diretor da F. Brasil Produ\u00e7\u00f5es, Fabiano Brasil. &#8220;O Marcelo tem uma experi\u00eancia que vai contribuir muito em nosso time trazendo um segmento que tem o seu p\u00fablico muito cativo, e mais do que isso, vai oportunizar que novos [&hellip;]<\/p>\n","protected":false},"author":0,"featured_media":0,"comment_status":"open","ping_status":"open","sticky":false,"template":"","format":"standard","meta":{"footnotes":""},"categories":[1],"tags":[],"_links":{"self":[{"href":"http:\/\/fabianobrasil.com.br\/site\/wp-json\/wp\/v2\/posts\/772"}],"collection":[{"href":"http:\/\/fabianobrasil.com.br\/site\/wp-json\/wp\/v2\/posts"}],"about":[{"href":"http:\/\/fabianobrasil.com.br\/site\/wp-json\/wp\/v2\/types\/post"}],"replies":[{"embeddable":true,"href":"http:\/\/fabianobrasil.com.br\/site\/wp-json\/wp\/v2\/comments?post=772"}],"version-history":[{"count":0,"href":"http:\/\/fabianobrasil.com.br\/site\/wp-json\/wp\/v2\/posts\/772\/revisions"}],"wp:attachment":[{"href":"http:\/\/fabianobrasil.com.br\/site\/wp-json\/wp\/v2\/media?parent=772"}],"wp:term":[{"taxonomy":"category","embeddable":true,"href":"http:\/\/fabianobrasil.com.br\/site\/wp-json\/wp\/v2\/categories?post=772"},{"taxonomy":"post_tag","embeddable":true,"href":"http:\/\/fabianobrasil.com.br\/site\/wp-json\/wp\/v2\/tags?post=772"}],"curies":[{"name":"wp","href":"https:\/\/api.w.org\/{rel}","templated":true}]}}