{"id":1874,"date":"2025-09-12T13:05:56","date_gmt":"2025-09-12T16:05:56","guid":{"rendered":"https:\/\/fabianobrasil.com.br\/site\/?p=1874"},"modified":"2025-09-12T13:05:56","modified_gmt":"2025-09-12T16:05:56","slug":"o-pao-dos-pobres-promove-concerto-especial-pelos-seus-130-anos-com-apresentacao-gratuita-da-orquestra-jovem-do-rs-no-dia-30-de-setembro-de-2025","status":"publish","type":"post","link":"http:\/\/fabianobrasil.com.br\/site\/2025\/09\/12\/o-pao-dos-pobres-promove-concerto-especial-pelos-seus-130-anos-com-apresentacao-gratuita-da-orquestra-jovem-do-rs-no-dia-30-de-setembro-de-2025\/","title":{"rendered":"O P\u00e3o dos Pobres promove concerto especial pelos seus 130 anos com apresenta\u00e7\u00e3o gratuita da Orquestra Jovem do RS no dia 30 de setembro de 2025"},"content":{"rendered":"\n<p><strong><em>Evento contar\u00e1 com participa\u00e7\u00e3o de convidados, como o Hique Gomez, e ocorrer\u00e1 no Teatro Sim\u00f5es Lopes Neto, em Porto Alegre<\/em><\/strong><\/p>\n\n\n\n<p>No dia 30 de setembro de 2025, ter\u00e7a-feira, \u00e0s 20h, a Funda\u00e7\u00e3o O P\u00e3o dos Pobres realiza mais uma celebra\u00e7\u00e3o pelos seus 130 anos de hist\u00f3ria com um concerto especial da Orquestra Jovem do Rio Grande do Sul (OJRS). O evento vai contar com a participa\u00e7\u00e3o de convidados como o artista Hique Gomez, um dos embaixadores da institui\u00e7\u00e3o. O concerto tem entrada gratuita, com ingressos limitados e lota\u00e7\u00e3o por ordem de chegada no Teatro Sim\u00f5es Lopes Neto &#8211; Rua Riachuelo, 1089, no Centro Hist\u00f3rico de Porto Alegre. Quem quiser garantir seu lugar, pode retirar antecipadamente o ingresso na recep\u00e7\u00e3o do P\u00e3o dos Pobres em hor\u00e1rio comercial &#8211; Rua da Rep\u00fablica, 801 \u2013 Cidade Baixa &#8211; Porto Alegre. Informa\u00e7\u00f5es pelo telefone (51) 3433-6999.<\/p>\n\n\n\n<p>A jornalista Patr\u00edcia Parenza, tamb\u00e9m embaixadora da institui\u00e7\u00e3o, ser\u00e1 a mestre de cerim\u00f4nia da noite. A participa\u00e7\u00e3o dela e de Hique refor\u00e7am o papel afetivo que exercem como parceiros do P\u00e3o dos Pobres. O concerto faz parte da programa\u00e7\u00e3o do calend\u00e1rio comemorativo dos 130 anos que ao longo de 2025 tem promovido diversas a\u00e7\u00f5es alusivas, mostrando tamb\u00e9m o talento dos integrantes da OJRS, um dos 15 cursos de Aprendizagem Profissional. A prepara\u00e7\u00e3o para o mercado de trabalho refor\u00e7a a miss\u00e3o do P\u00e3o dos Pobres de transformar vidas das crian\u00e7as e jovens atendidos nos servi\u00e7os realizados pela institui\u00e7\u00e3o. E a OJRS tem como foco a promo\u00e7\u00e3o do desenvolvimento humano por meio da musicalidade.<\/p>\n\n\n\n<p>De acordo com o gerente da Funda\u00e7\u00e3o O P\u00e3o dos Pobres Jo\u00e3o Rocha, o concerto em homenagem a institui\u00e7\u00e3o, tem uma simbologia especial, unindo a cultura, a educa\u00e7\u00e3o e a solidariedade como pilares de transforma\u00e7\u00e3o social. \u201cQueremos que o evento inspire toda a comunidade, desde os nossos colaboradores, volunt\u00e1rios, \u00e0s fam\u00edlias. E \u00e0 juventude e crian\u00e7as. Ser\u00e1 mais um momento marcante nas comemora\u00e7\u00f5es dos 130 anos do P\u00e3o dos Pobres\u201d, concluiu.<\/p>\n\n\n\n<p>Servi\u00e7o<\/p>\n\n\n\n<p>Concerto 130 anos do P\u00e3o dos Pobres &#8211; apresenta\u00e7\u00e3o da Orquestra Jovem do Rio Grande do Sul. Ter\u00e7a-feira, 30 de setembro de 2025, \u00e0s 20h. No Teatro Sim\u00f5es Lopes Neto \u2014 Rua Riachuelo, 1089, Centro Hist\u00f3rico, Porto Alegre. Participa\u00e7\u00e3o especial do artista Hique Gomez, e mestre de cerim\u00f4nia a jornalista Patricia Parenza &#8211; ambos os embaixadores da institui\u00e7\u00e3o. Entrada gratuita, com lota\u00e7\u00e3o por ordem de chegada ou ingresso antecipado no P\u00e3o dos Pobres, das 8h \u00e0s 12h. E das 13h30min at\u00e9 \u00e0s 17h.<\/p>\n\n\n\n<p>Cr\u00e9dito foto Z\u00e9 Carlos Andrade<\/p>\n","protected":false},"excerpt":{"rendered":"<p>Evento contar\u00e1 com participa\u00e7\u00e3o de convidados, como o Hique Gomez, e ocorrer\u00e1 no Teatro Sim\u00f5es Lopes Neto, em Porto Alegre No dia 30 de setembro de 2025, ter\u00e7a-feira, \u00e0s 20h, a Funda\u00e7\u00e3o O P\u00e3o dos Pobres realiza mais uma celebra\u00e7\u00e3o pelos seus 130 anos de hist\u00f3ria com um concerto especial da Orquestra Jovem do Rio [&hellip;]<\/p>\n","protected":false},"author":2,"featured_media":1875,"comment_status":"open","ping_status":"open","sticky":false,"template":"","format":"standard","meta":{"footnotes":""},"categories":[4],"tags":[],"_links":{"self":[{"href":"http:\/\/fabianobrasil.com.br\/site\/wp-json\/wp\/v2\/posts\/1874"}],"collection":[{"href":"http:\/\/fabianobrasil.com.br\/site\/wp-json\/wp\/v2\/posts"}],"about":[{"href":"http:\/\/fabianobrasil.com.br\/site\/wp-json\/wp\/v2\/types\/post"}],"author":[{"embeddable":true,"href":"http:\/\/fabianobrasil.com.br\/site\/wp-json\/wp\/v2\/users\/2"}],"replies":[{"embeddable":true,"href":"http:\/\/fabianobrasil.com.br\/site\/wp-json\/wp\/v2\/comments?post=1874"}],"version-history":[{"count":1,"href":"http:\/\/fabianobrasil.com.br\/site\/wp-json\/wp\/v2\/posts\/1874\/revisions"}],"predecessor-version":[{"id":1876,"href":"http:\/\/fabianobrasil.com.br\/site\/wp-json\/wp\/v2\/posts\/1874\/revisions\/1876"}],"wp:featuredmedia":[{"embeddable":true,"href":"http:\/\/fabianobrasil.com.br\/site\/wp-json\/wp\/v2\/media\/1875"}],"wp:attachment":[{"href":"http:\/\/fabianobrasil.com.br\/site\/wp-json\/wp\/v2\/media?parent=1874"}],"wp:term":[{"taxonomy":"category","embeddable":true,"href":"http:\/\/fabianobrasil.com.br\/site\/wp-json\/wp\/v2\/categories?post=1874"},{"taxonomy":"post_tag","embeddable":true,"href":"http:\/\/fabianobrasil.com.br\/site\/wp-json\/wp\/v2\/tags?post=1874"}],"curies":[{"name":"wp","href":"https:\/\/api.w.org\/{rel}","templated":true}]}}