{"id":1871,"date":"2025-09-12T13:02:49","date_gmt":"2025-09-12T16:02:49","guid":{"rendered":"https:\/\/fabianobrasil.com.br\/site\/?p=1871"},"modified":"2025-09-12T13:02:49","modified_gmt":"2025-09-12T16:02:49","slug":"oktoberfest-em-blumenau-impulsiona-investimento-no-salao-cristal-que-ganha-uma-entrada-pela-rua-curt-hering","status":"publish","type":"post","link":"http:\/\/fabianobrasil.com.br\/site\/2025\/09\/12\/oktoberfest-em-blumenau-impulsiona-investimento-no-salao-cristal-que-ganha-uma-entrada-pela-rua-curt-hering\/","title":{"rendered":"Oktoberfest em Blumenau impulsiona investimento no Sal\u00e3o Cristal que ganha uma entrada pela Rua Curt Hering"},"content":{"rendered":"\n<p><strong><em>Novo acesso do espa\u00e7o localizado no Plaza Blumenau se integra ao movimento que une turismo, lazer e economia durante a maior festa germ\u00e2nica do Brasil<\/em><\/strong><\/p>\n\n\n\n<p>Outubro de 2025 chega com um duplo motivo de celebra\u00e7\u00e3o em Blumenau (SC). Al\u00e9m de receber uma das maiores festas germ\u00e2nicas do Brasil, a Oktoberfest, que atrai milhares de turistas nacionais e internacionais, a cidade ganha um refor\u00e7o em sua infraestrutura de lazer e neg\u00f3cios. O Plaza Blumenau Hotel acaba de repaginar a entrada do seu maior espa\u00e7o de eventos, o Sal\u00e3o Cristal, agora integrado \u00e0 badalada Rua Curt Hering.<\/p>\n\n\n\n<p>O movimento n\u00e3o poderia ser mais oportuno. Enquanto a Oktoberfest injeta energia na economia local, impulsionando bares, restaurantes, hot\u00e9is e servi\u00e7os, o Plaza Blumenau se conecta a esse cen\u00e1rio investindo em um novo acesso do espa\u00e7o, que visa receber ainda melhor centenas de eventos sociais, culturais e corporativos. \u201cCom nova entrada, fachada iluminada, design e atmosfera de \u201ctapete vermelho\u201d, o Sal\u00e3o Cristal est\u00e1 alinhado com o prop\u00f3sito do munic\u00edpio de Blumenau, que cada vez mais se consolida como destino de experi\u00eancias completas em outubro e durante o ano inteiro. Integrando modernidade e conforto a rua mais movimentada da cidade\u201d, afirma Larissa Bandeira, gerente do Plaza Blumenau.<\/p>\n\n\n\n<p>Segundo Marcelo Schmidt, gerente de marketing da Rede Plaza no Brasil, a Oktoberfest n\u00e3o \u00e9 apenas uma festa, \u00e9 um motor econ\u00f4mico e cultural para Blumenau. \u201cAo investir nas melhorias de acessibilidade do Sal\u00e3o Cristal agora com uma entrada pela Curt Hering, o Plaza Blumenau refor\u00e7a ainda mais esse espa\u00e7o que dialoga com o lazer, neg\u00f3cios e a hospitalidade, tudo em um s\u00f3 lugar\u201d, finaliza.<\/p>\n\n\n\n<p>Servi\u00e7o<\/p>\n\n\n\n<p>Plaza Blumenau Hotel \u2013 Sal\u00e3o Cristal. Eventos sociais, culturais e corporativos. Casamentos, formaturas, conven\u00e7\u00f5es, congressos e lan\u00e7amentos de produtos. Reservas 47 3231-7000. Rua 7 de Setembro, 818. Agora com entrada tamb\u00e9m pela Rua Curt Hering. Centro, Blumenau \u2013 Santa Catarina. Mais em <a href=\"http:\/\/www.plazahoteis.com.br\">www.plazahoteis.com.br<\/a><\/p>\n","protected":false},"excerpt":{"rendered":"<p>Novo acesso do espa\u00e7o localizado no Plaza Blumenau se integra ao movimento que une turismo, lazer e economia durante a maior festa germ\u00e2nica do Brasil Outubro de 2025 chega com um duplo motivo de celebra\u00e7\u00e3o em Blumenau (SC). Al\u00e9m de receber uma das maiores festas germ\u00e2nicas do Brasil, a Oktoberfest, que atrai milhares de turistas [&hellip;]<\/p>\n","protected":false},"author":2,"featured_media":1872,"comment_status":"open","ping_status":"open","sticky":false,"template":"","format":"standard","meta":{"footnotes":""},"categories":[4],"tags":[],"_links":{"self":[{"href":"http:\/\/fabianobrasil.com.br\/site\/wp-json\/wp\/v2\/posts\/1871"}],"collection":[{"href":"http:\/\/fabianobrasil.com.br\/site\/wp-json\/wp\/v2\/posts"}],"about":[{"href":"http:\/\/fabianobrasil.com.br\/site\/wp-json\/wp\/v2\/types\/post"}],"author":[{"embeddable":true,"href":"http:\/\/fabianobrasil.com.br\/site\/wp-json\/wp\/v2\/users\/2"}],"replies":[{"embeddable":true,"href":"http:\/\/fabianobrasil.com.br\/site\/wp-json\/wp\/v2\/comments?post=1871"}],"version-history":[{"count":1,"href":"http:\/\/fabianobrasil.com.br\/site\/wp-json\/wp\/v2\/posts\/1871\/revisions"}],"predecessor-version":[{"id":1873,"href":"http:\/\/fabianobrasil.com.br\/site\/wp-json\/wp\/v2\/posts\/1871\/revisions\/1873"}],"wp:featuredmedia":[{"embeddable":true,"href":"http:\/\/fabianobrasil.com.br\/site\/wp-json\/wp\/v2\/media\/1872"}],"wp:attachment":[{"href":"http:\/\/fabianobrasil.com.br\/site\/wp-json\/wp\/v2\/media?parent=1871"}],"wp:term":[{"taxonomy":"category","embeddable":true,"href":"http:\/\/fabianobrasil.com.br\/site\/wp-json\/wp\/v2\/categories?post=1871"},{"taxonomy":"post_tag","embeddable":true,"href":"http:\/\/fabianobrasil.com.br\/site\/wp-json\/wp\/v2\/tags?post=1871"}],"curies":[{"name":"wp","href":"https:\/\/api.w.org\/{rel}","templated":true}]}}