{"id":1867,"date":"2025-09-12T12:57:41","date_gmt":"2025-09-12T15:57:41","guid":{"rendered":"https:\/\/fabianobrasil.com.br\/site\/?p=1867"},"modified":"2025-09-12T12:57:41","modified_gmt":"2025-09-12T15:57:41","slug":"rissul-celebra-cultura-gaucha-com-espetaculo-uma-noite-gaucha-no-teatro-feevale","status":"publish","type":"post","link":"http:\/\/fabianobrasil.com.br\/site\/2025\/09\/12\/rissul-celebra-cultura-gaucha-com-espetaculo-uma-noite-gaucha-no-teatro-feevale\/","title":{"rendered":"Rissul celebra cultura ga\u00facha com espet\u00e1culo Uma Noite Ga\u00facha no Teatro Feevale"},"content":{"rendered":"\n<p><strong>Show integrou a programa\u00e7\u00e3o do Movimento Vem Pro Rissul, iniciativa que valoriza tradi\u00e7\u00e3o, cuidado e o v\u00ednculo da rede com a comunidade<\/strong><\/p>\n\n\n\n<p>O Rissul deu mais um passo na consolida\u00e7\u00e3o do Movimento Vem Pro Rissul, que vai al\u00e9m da simples ida ao supermercado. Num chamado para viver uma experi\u00eancia que envolve tradi\u00e7\u00e3o, cuidado e acolhimento, e que revela os bastidores que fazem a diferen\u00e7a no dia a dia. Pr\u00e1ticas e compet\u00eancias muitas vezes invis\u00edveis ao consumidor, mas que sustentam a confian\u00e7a constru\u00edda pela rede ao longo do tempo.<\/p>\n\n\n\n<p>Inspirado na cultura ga\u00facha, o movimento traz como destaque a releitura da m\u00fasica \u201cEu Sou do Sul\u201d, composi\u00e7\u00e3o de Elton Saldanha. Considerada um verdadeiro hino da identidade regional, a can\u00e7\u00e3o ganha uma nova letra adaptada \u00e0 proposta do Rissul, evocando pertencimento e refor\u00e7ando o v\u00ednculo afetivo com o p\u00fablico local.<\/p>\n\n\n\n<p>Como parte dessa programa\u00e7\u00e3o, a rede supermercadista apresentou no \u00faltimo dia 10 de setembro de 2025, no Teatro Feevale, o espet\u00e1culo in\u00e9dito do conjunto Os Serranos-Uma Noite Ga\u00facha, um dos maiores s\u00edmbolos da m\u00fasica regional. O show, realizado no m\u00eas farroupilha, traduziu em m\u00fasica e emo\u00e7\u00e3o o esp\u00edrito do movimento: valorizar o que \u00e9 nosso e refor\u00e7ar a conex\u00e3o com a comunidade.<\/p>\n\n\n\n<p><em>\u201cTrata-se de um convite para que os ga\u00fachos redescubram o supermercado que valoriza e promove o que \u00e9 nosso\u201d<\/em>, afirmou Rafael Lubini, gerente de Marketing de Varejo da UnidaSul.<\/p>\n","protected":false},"excerpt":{"rendered":"<p>Show integrou a programa\u00e7\u00e3o do Movimento Vem Pro Rissul, iniciativa que valoriza tradi\u00e7\u00e3o, cuidado e o v\u00ednculo da rede com a comunidade O Rissul deu mais um passo na consolida\u00e7\u00e3o do Movimento Vem Pro Rissul, que vai al\u00e9m da simples ida ao supermercado. Num chamado para viver uma experi\u00eancia que envolve tradi\u00e7\u00e3o, cuidado e acolhimento, [&hellip;]<\/p>\n","protected":false},"author":2,"featured_media":1868,"comment_status":"open","ping_status":"open","sticky":false,"template":"","format":"standard","meta":{"footnotes":""},"categories":[6],"tags":[],"_links":{"self":[{"href":"http:\/\/fabianobrasil.com.br\/site\/wp-json\/wp\/v2\/posts\/1867"}],"collection":[{"href":"http:\/\/fabianobrasil.com.br\/site\/wp-json\/wp\/v2\/posts"}],"about":[{"href":"http:\/\/fabianobrasil.com.br\/site\/wp-json\/wp\/v2\/types\/post"}],"author":[{"embeddable":true,"href":"http:\/\/fabianobrasil.com.br\/site\/wp-json\/wp\/v2\/users\/2"}],"replies":[{"embeddable":true,"href":"http:\/\/fabianobrasil.com.br\/site\/wp-json\/wp\/v2\/comments?post=1867"}],"version-history":[{"count":2,"href":"http:\/\/fabianobrasil.com.br\/site\/wp-json\/wp\/v2\/posts\/1867\/revisions"}],"predecessor-version":[{"id":1870,"href":"http:\/\/fabianobrasil.com.br\/site\/wp-json\/wp\/v2\/posts\/1867\/revisions\/1870"}],"wp:featuredmedia":[{"embeddable":true,"href":"http:\/\/fabianobrasil.com.br\/site\/wp-json\/wp\/v2\/media\/1868"}],"wp:attachment":[{"href":"http:\/\/fabianobrasil.com.br\/site\/wp-json\/wp\/v2\/media?parent=1867"}],"wp:term":[{"taxonomy":"category","embeddable":true,"href":"http:\/\/fabianobrasil.com.br\/site\/wp-json\/wp\/v2\/categories?post=1867"},{"taxonomy":"post_tag","embeddable":true,"href":"http:\/\/fabianobrasil.com.br\/site\/wp-json\/wp\/v2\/tags?post=1867"}],"curies":[{"name":"wp","href":"https:\/\/api.w.org\/{rel}","templated":true}]}}