{"id":1863,"date":"2025-06-06T12:46:48","date_gmt":"2025-06-06T15:46:48","guid":{"rendered":"http:\/\/fabianobrasil.com.br\/site\/?p=1863"},"modified":"2025-06-06T12:46:48","modified_gmt":"2025-06-06T15:46:48","slug":"pao-dos-pobres-celebra-santo-antonio-com-festa-aberta-a-comunidade-nos-seus-130-anos-no-dia-13-de-junho-de-2025","status":"publish","type":"post","link":"http:\/\/fabianobrasil.com.br\/site\/2025\/06\/06\/pao-dos-pobres-celebra-santo-antonio-com-festa-aberta-a-comunidade-nos-seus-130-anos-no-dia-13-de-junho-de-2025\/","title":{"rendered":"P\u00e3o dos Pobres celebra Santo Ant\u00f4nio com festa aberta \u00e0 comunidade nos seus 130 anos no dia 13 de junho de 2025"},"content":{"rendered":"\n<p><br>No pr\u00f3ximo dia 13 de junho de 2025, das 9h \u00e0s 19h, a Funda\u00e7\u00e3o O P\u00e3o dos Pobres abre seus port\u00f5es \u00e0 comunidade para uma celebra\u00e7\u00e3o especial em homenagem ao seu padroeiro, Santo Ant\u00f4nio. A tradicional festa faz parte das comemora\u00e7\u00f5es dos 130 anos da institui\u00e7\u00e3o, que tem como miss\u00e3o transformar vidas por meio da educa\u00e7\u00e3o, acolhimento e capacita\u00e7\u00e3o de crian\u00e7as, adolescentes e jovens em situa\u00e7\u00e3o de vulnerabilidade.<br><br>A programa\u00e7\u00e3o inclui almo\u00e7o e ch\u00e1 da tarde &#8211; estes por ades\u00e3o &#8211; al\u00e9m de atividades culturais, brincadeiras e exposi\u00e7\u00f5es de artes\u00e3os. O evento \u00e9 aberto ao p\u00fablico, fortalecendo a interatividade e os la\u00e7os com a sociedade civil. Tamb\u00e9m ser\u00e3o celebradas missas, programadas em quatro hor\u00e1rios na capela do P\u00e3o dos Pobres \u00e0s 10h, 14h, 16h e 18h. Jos\u00e9 Marcolan gestor administrativo e financeiro, lembra que esse momento do ano \u00e9 especial para a funda\u00e7\u00e3o. \u201cCelebrar Santo Ant\u00f4nio \u00e9 tamb\u00e9m comemorar o esp\u00edrito de solidariedade e partilha que move a nossa hist\u00f3ria.\u201d<br><br>Jo\u00e3o Rocha, gerente da institui\u00e7\u00e3o, destaca o impacto da a\u00e7\u00e3o na interatividade com a sociedade. &#8220;Mais do que uma festa, essa \u00e9 uma constru\u00e7\u00e3o conjunta. A comunidade faz parte do P\u00e3o dos Pobres. Estar junto neste momento simb\u00f3lico dos 130 anos e celebrar nosso padroeiro \u00e9 reconhecer cada pessoa que apoia nossa causa&#8221;.<br><br>Brech\u00f3 solid\u00e1rio<br><br>Durante todo o dia, o tradicional Brech\u00f3 Solid\u00e1rio estar\u00e1 em funcionamento, com a venda de roupas, acess\u00f3rios, utens\u00edlios dom\u00e9sticos e outros itens. Toda a renda arrecadada \u00e9 revertida integralmente para as a\u00e7\u00f5es sociais desenvolvidas pela institui\u00e7\u00e3o. Al\u00e9m de ser uma oportunidade para garimpar boas pe\u00e7as a pre\u00e7os acess\u00edveis, vale destacar que o brech\u00f3 tamb\u00e9m cumpre um papel essencial na sustentabilidade econ\u00f4mica dos projetos, por meio da moda circular e a valoriza\u00e7\u00e3o do consumo consciente.<br><br>Atividades culturais<br><br>A programa\u00e7\u00e3o do evento contar\u00e1 ainda com apresenta\u00e7\u00f5es art\u00edsticas, culturais e musicais, protagonizadas por crian\u00e7as e adolescentes atendidos pela Funda\u00e7\u00e3o, al\u00e9m de convidados especiais. As atividades t\u00eam o objetivo de valorizar talentos, promover a inclus\u00e3o e refor\u00e7ar o v\u00ednculo da institui\u00e7\u00e3o com a comunidade local.<br><br>Servi\u00e7o<br><br>Celebra\u00e7\u00e3o de Santo Ant\u00f4nio na Funda\u00e7\u00e3o O P\u00e3o dos Pobres. Dia 13 de junho de 2025, Sexta-Feira. Das 9h \u00e0s 19h. Na Funda\u00e7\u00e3o O P\u00e3o dos Pobres \u2013 Rua da Rep\u00fablica, 801 \u2013 Cidade Baixa \u2013 Porto Alegre\/RS. Aberto ao p\u00fablico | Almo\u00e7o por ades\u00e3o. Card\u00e1pio ser\u00e1 carreteiro, feij\u00e3o campeiro e saladas | Ch\u00e1 da tarde com bolos e salgados. Mais site\u00a0<a rel=\"noreferrer noopener\" href=\"http:\/\/www.paodospobres.org.br\/\" target=\"_blank\">www.paodospobres.org.br<\/a>. Instagram @paodospobres Telefone (51) 3433-6902.<\/p>\n","protected":false},"excerpt":{"rendered":"<p>No pr\u00f3ximo dia 13 de junho de 2025, das 9h \u00e0s 19h, a Funda\u00e7\u00e3o O P\u00e3o dos Pobres abre seus port\u00f5es \u00e0 comunidade para uma celebra\u00e7\u00e3o especial em homenagem ao seu padroeiro, Santo Ant\u00f4nio. A tradicional festa faz parte das comemora\u00e7\u00f5es dos 130 anos da institui\u00e7\u00e3o, que tem como miss\u00e3o transformar vidas por meio da [&hellip;]<\/p>\n","protected":false},"author":2,"featured_media":1864,"comment_status":"open","ping_status":"open","sticky":false,"template":"","format":"standard","meta":{"footnotes":""},"categories":[6],"tags":[],"_links":{"self":[{"href":"http:\/\/fabianobrasil.com.br\/site\/wp-json\/wp\/v2\/posts\/1863"}],"collection":[{"href":"http:\/\/fabianobrasil.com.br\/site\/wp-json\/wp\/v2\/posts"}],"about":[{"href":"http:\/\/fabianobrasil.com.br\/site\/wp-json\/wp\/v2\/types\/post"}],"author":[{"embeddable":true,"href":"http:\/\/fabianobrasil.com.br\/site\/wp-json\/wp\/v2\/users\/2"}],"replies":[{"embeddable":true,"href":"http:\/\/fabianobrasil.com.br\/site\/wp-json\/wp\/v2\/comments?post=1863"}],"version-history":[{"count":1,"href":"http:\/\/fabianobrasil.com.br\/site\/wp-json\/wp\/v2\/posts\/1863\/revisions"}],"predecessor-version":[{"id":1865,"href":"http:\/\/fabianobrasil.com.br\/site\/wp-json\/wp\/v2\/posts\/1863\/revisions\/1865"}],"wp:featuredmedia":[{"embeddable":true,"href":"http:\/\/fabianobrasil.com.br\/site\/wp-json\/wp\/v2\/media\/1864"}],"wp:attachment":[{"href":"http:\/\/fabianobrasil.com.br\/site\/wp-json\/wp\/v2\/media?parent=1863"}],"wp:term":[{"taxonomy":"category","embeddable":true,"href":"http:\/\/fabianobrasil.com.br\/site\/wp-json\/wp\/v2\/categories?post=1863"},{"taxonomy":"post_tag","embeddable":true,"href":"http:\/\/fabianobrasil.com.br\/site\/wp-json\/wp\/v2\/tags?post=1863"}],"curies":[{"name":"wp","href":"https:\/\/api.w.org\/{rel}","templated":true}]}}