{"id":1810,"date":"2025-02-21T14:11:04","date_gmt":"2025-02-21T17:11:04","guid":{"rendered":"http:\/\/fabianobrasil.com.br\/site\/?p=1810"},"modified":"2025-02-21T14:11:04","modified_gmt":"2025-02-21T17:11:04","slug":"unidasul-realiza-ria-2025-e-reforca-a-importancia-da-cultura-organizacional-e-da-lideranca","status":"publish","type":"post","link":"http:\/\/fabianobrasil.com.br\/site\/2025\/02\/21\/unidasul-realiza-ria-2025-e-reforca-a-importancia-da-cultura-organizacional-e-da-lideranca\/","title":{"rendered":"UnidaSul realiza RIA 2025 e refor\u00e7a a import\u00e2ncia da cultura organizacional e da lideran\u00e7a"},"content":{"rendered":"\n<p><strong><em>Encontro reuniu lideran\u00e7as para refor\u00e7ar valores, alinhar estrat\u00e9gias e impulsionar o crescimento da empresa<\/em><\/strong><\/p>\n\n\n\n<p>Em fevereiro de 2025, a UnidaSul promoveu a reuni\u00e3o de in\u00edcio de ano &#8211; RIA 2025 em S\u00e3o Leopoldo (RS). Com o tema Lideran\u00e7a que Promove Cultura, o evento reuniu gestores da empresa para um alinhamento estrat\u00e9gico e organizacional voltado \u00e0 constru\u00e7\u00e3o de um futuro ainda mais s\u00f3lido.<\/p>\n\n\n\n<p>A atividade destacou o compromisso das lideran\u00e7as em cumprirem com o papel dos princ\u00edpios que norteiam a UnidaSul. Entre eles a \u00e9tica nas rela\u00e7\u00f5es, a efici\u00eancia e efic\u00e1cia permanentes em todos os processos, e a valoriza\u00e7\u00e3o dos talentos internos.<\/p>\n\n\n\n<p>Balan\u00e7os e proje\u00e7\u00f5es<\/p>\n\n\n\n<p>Os diretores de diferentes \u00e1reas apresentaram n\u00fameros, norteadores econ\u00f4micos e investimentos, com um balan\u00e7o completo das atividades em 2024 e proje\u00e7\u00f5es para 2025. O grande destaque foi a conex\u00e3o de informa\u00e7\u00f5es entre todas as \u00e1reas e unidades de neg\u00f3cio.<\/p>\n\n\n\n<p>Al\u00e9m disso, foram abordados temas como trabalho estrat\u00e9gico que se inicia em ESG para garantir um crescimento sustent\u00e1vel e consistente, destacando a import\u00e2ncia desse prop\u00f3sito, que deve ser vivenciado por todos os colaboradores. O presidente da&nbsp;UnidaSul Augusto&nbsp;De&nbsp;Cesaro, ampliou, em seu discurso a import\u00e2ncia do encontro. \u201cTemos muito orgulho de cada um de nossos colaboradores. Que fazem da UnidaSul uma empresa forte e inovadora, capaz de superar desafios. Esse encontro \u00e9 sempre um momento importante de reflex\u00e3o, aprendizado e conex\u00e3o\u201d, concluiu o empres\u00e1rio.&nbsp;<\/p>\n","protected":false},"excerpt":{"rendered":"<p>Encontro reuniu lideran\u00e7as para refor\u00e7ar valores, alinhar estrat\u00e9gias e impulsionar o crescimento da empresa Em fevereiro de 2025, a UnidaSul promoveu a reuni\u00e3o de in\u00edcio de ano &#8211; RIA 2025 em S\u00e3o Leopoldo (RS). Com o tema Lideran\u00e7a que Promove Cultura, o evento reuniu gestores da empresa para um alinhamento estrat\u00e9gico e organizacional voltado \u00e0 [&hellip;]<\/p>\n","protected":false},"author":2,"featured_media":1811,"comment_status":"open","ping_status":"open","sticky":false,"template":"","format":"standard","meta":{"footnotes":""},"categories":[6],"tags":[],"_links":{"self":[{"href":"http:\/\/fabianobrasil.com.br\/site\/wp-json\/wp\/v2\/posts\/1810"}],"collection":[{"href":"http:\/\/fabianobrasil.com.br\/site\/wp-json\/wp\/v2\/posts"}],"about":[{"href":"http:\/\/fabianobrasil.com.br\/site\/wp-json\/wp\/v2\/types\/post"}],"author":[{"embeddable":true,"href":"http:\/\/fabianobrasil.com.br\/site\/wp-json\/wp\/v2\/users\/2"}],"replies":[{"embeddable":true,"href":"http:\/\/fabianobrasil.com.br\/site\/wp-json\/wp\/v2\/comments?post=1810"}],"version-history":[{"count":1,"href":"http:\/\/fabianobrasil.com.br\/site\/wp-json\/wp\/v2\/posts\/1810\/revisions"}],"predecessor-version":[{"id":1812,"href":"http:\/\/fabianobrasil.com.br\/site\/wp-json\/wp\/v2\/posts\/1810\/revisions\/1812"}],"wp:featuredmedia":[{"embeddable":true,"href":"http:\/\/fabianobrasil.com.br\/site\/wp-json\/wp\/v2\/media\/1811"}],"wp:attachment":[{"href":"http:\/\/fabianobrasil.com.br\/site\/wp-json\/wp\/v2\/media?parent=1810"}],"wp:term":[{"taxonomy":"category","embeddable":true,"href":"http:\/\/fabianobrasil.com.br\/site\/wp-json\/wp\/v2\/categories?post=1810"},{"taxonomy":"post_tag","embeddable":true,"href":"http:\/\/fabianobrasil.com.br\/site\/wp-json\/wp\/v2\/tags?post=1810"}],"curies":[{"name":"wp","href":"https:\/\/api.w.org\/{rel}","templated":true}]}}