{"id":1807,"date":"2025-02-21T14:03:47","date_gmt":"2025-02-21T17:03:47","guid":{"rendered":"http:\/\/fabianobrasil.com.br\/site\/?p=1807"},"modified":"2025-02-21T14:03:47","modified_gmt":"2025-02-21T17:03:47","slug":"radio-bandeirantes-apresenta-hoje-primeiro-60-minutos-debate","status":"publish","type":"post","link":"http:\/\/fabianobrasil.com.br\/site\/2025\/02\/21\/radio-bandeirantes-apresenta-hoje-primeiro-60-minutos-debate\/","title":{"rendered":"Radio Bandeirantes apresenta hoje primeiro 60 minutos Debate"},"content":{"rendered":"\n<p>Com a apresenta\u00e7\u00e3o do jornalista Fabiano Brasil, o programa 60 Minutos da Radio Bandeirantes FM 94,9 apresenta novidades a partir desta semana. Nesta segunda-feira come\u00e7a o 60 Minutos Debate. Todas as segundas-feiras a atra\u00e7\u00e3o apresentar\u00e1 um tema de relev\u00e2ncia municipal, estadual ou nacional apresentando representantes de pontos de vista diferentes. Segundo Fabiano Brasil a ideia \u00e9 trazer mais subs\u00eddios de assuntos pol\u00eamicos e importantes: &#8220;Sempre tive em meus espa\u00e7os a ideia de contribuir com a sociedade com informa\u00e7\u00f5es de qualidade para que os ouvintes possam definir seus posicionamentos a partir do conte\u00fado que apresentamos e tenho certeza que com o 60 Minutos Debate conseguiremos alcan\u00e7ar esse objetivo.&#8221; Afirma Brasil.<\/p>\n\n\n\n<p>Guilherme Macalossi, coordenador de jornalismo de R\u00e1dios do Grupo Band comemora a novidade: &#8220;A democracia \u00e9 feita do contradit\u00f3rio. Do ponto e do contraponto. O debate sempre \u00e9 salutar, desde que fora do campo pessoal. O cidad\u00e3o precisa conhecer o que os agentes p\u00fablicos defendem, e \u00e9 bom que essas convic\u00e7\u00f5es sejam submetidas ao contradit\u00f3rio com a modera\u00e7\u00e3o da imprensa.&#8221; Afirmou Macalossi.<\/p>\n\n\n\n<p>No primeiro programa os convidados ser\u00e3o os vereadores da Capital, Jesse Sangali, Vereador mais votado da Regi\u00e3o Sul do Brasil e Jonas Reis, Vereador l\u00edder da oposi\u00e7\u00e3o na C\u00e2mara. O assunto para discuss\u00e3o ser\u00e1 privatiza\u00e7\u00f5es.<\/p>\n\n\n\n<p>A produ\u00e7\u00e3o \u00e9 de Maria Eduardo Ferreira.<\/p>\n\n\n\n<p>O 60 Minutos entra no ar de segunda a sexta-feira \u00e0s 20h no FM 94,9 e no YouTube\/BandRS.<\/p>\n","protected":false},"excerpt":{"rendered":"<p>Com a apresenta\u00e7\u00e3o do jornalista Fabiano Brasil, o programa 60 Minutos da Radio Bandeirantes FM 94,9 apresenta novidades a partir desta semana. Nesta segunda-feira come\u00e7a o 60 Minutos Debate. Todas as segundas-feiras a atra\u00e7\u00e3o apresentar\u00e1 um tema de relev\u00e2ncia municipal, estadual ou nacional apresentando representantes de pontos de vista diferentes. Segundo Fabiano Brasil a ideia [&hellip;]<\/p>\n","protected":false},"author":2,"featured_media":1808,"comment_status":"open","ping_status":"open","sticky":false,"template":"","format":"standard","meta":{"footnotes":""},"categories":[4],"tags":[],"_links":{"self":[{"href":"http:\/\/fabianobrasil.com.br\/site\/wp-json\/wp\/v2\/posts\/1807"}],"collection":[{"href":"http:\/\/fabianobrasil.com.br\/site\/wp-json\/wp\/v2\/posts"}],"about":[{"href":"http:\/\/fabianobrasil.com.br\/site\/wp-json\/wp\/v2\/types\/post"}],"author":[{"embeddable":true,"href":"http:\/\/fabianobrasil.com.br\/site\/wp-json\/wp\/v2\/users\/2"}],"replies":[{"embeddable":true,"href":"http:\/\/fabianobrasil.com.br\/site\/wp-json\/wp\/v2\/comments?post=1807"}],"version-history":[{"count":1,"href":"http:\/\/fabianobrasil.com.br\/site\/wp-json\/wp\/v2\/posts\/1807\/revisions"}],"predecessor-version":[{"id":1809,"href":"http:\/\/fabianobrasil.com.br\/site\/wp-json\/wp\/v2\/posts\/1807\/revisions\/1809"}],"wp:featuredmedia":[{"embeddable":true,"href":"http:\/\/fabianobrasil.com.br\/site\/wp-json\/wp\/v2\/media\/1808"}],"wp:attachment":[{"href":"http:\/\/fabianobrasil.com.br\/site\/wp-json\/wp\/v2\/media?parent=1807"}],"wp:term":[{"taxonomy":"category","embeddable":true,"href":"http:\/\/fabianobrasil.com.br\/site\/wp-json\/wp\/v2\/categories?post=1807"},{"taxonomy":"post_tag","embeddable":true,"href":"http:\/\/fabianobrasil.com.br\/site\/wp-json\/wp\/v2\/tags?post=1807"}],"curies":[{"name":"wp","href":"https:\/\/api.w.org\/{rel}","templated":true}]}}