{"id":1791,"date":"2025-01-17T17:25:46","date_gmt":"2025-01-17T20:25:46","guid":{"rendered":"http:\/\/fabianobrasil.com.br\/site\/?p=1791"},"modified":"2025-01-17T17:25:46","modified_gmt":"2025-01-17T20:25:46","slug":"macromix-atacado-apoia-o-imama-na-promocao-da-prevencao-ao-cancer-de-mama-no-litoral-norte-gaucho","status":"publish","type":"post","link":"http:\/\/fabianobrasil.com.br\/site\/2025\/01\/17\/macromix-atacado-apoia-o-imama-na-promocao-da-prevencao-ao-cancer-de-mama-no-litoral-norte-gaucho\/","title":{"rendered":"Macromix Atacado apoia o IMAMA na promo\u00e7\u00e3o da preven\u00e7\u00e3o ao c\u00e2ncer de mama no Litoral Norte ga\u00facho"},"content":{"rendered":"\n<p><strong><em>As atividades ocorrer\u00e3o entre os dias 18 de janeiro e 15 de fevereiro e incluem a\u00e7\u00f5es nas praias de Torres, Cap\u00e3o da Canoa e Tramanda\u00ed<\/em><\/strong><\/p>\n\n\n\n<p>O c\u00e2ncer de mama n\u00e3o tira f\u00e9rias, e o Macromix Atacado refor\u00e7a seu compromisso social ao patrocinar o Programa Ver\u00e3o IMAMA 2025, uma iniciativa do Instituto da Mama do Rio Grande do Sul (IMAMA) que leva conscientiza\u00e7\u00e3o e preven\u00e7\u00e3o \u00e0s praias ga\u00fachas. As atividades ocorrer\u00e3o entre os dias 18 de janeiro e 15 de fevereiro e incluem a\u00e7\u00f5es nas praias de Torres, Cap\u00e3o da Canoa e Tramanda\u00ed, todas com foco no diagn\u00f3stico precoce e no autocuidado. Durante as atividades, o IMAMA disponibilizar\u00e1 um espa\u00e7o para orienta\u00e7\u00f5es sobre preven\u00e7\u00e3o ao c\u00e2ncer de mama, distribui\u00e7\u00e3o de materiais informativos e venda de itens relacionados \u00e0 causa, cujo valor ser\u00e1 revertido \u00e0 institui\u00e7\u00e3o. Entre as a\u00e7\u00f5es programadas, destaca-se um flash mob com sombrinhas rosas na beira da praia, realizado pelas volunt\u00e1rias da causa rosa. O objetivo \u00e9 chamar a aten\u00e7\u00e3o dos veranistas para a import\u00e2ncia do cuidado com a sa\u00fade da mama e o impacto do diagn\u00f3stico precoce.<\/p>\n\n\n\n<p>Com presen\u00e7a no litoral ga\u00facho, o Macromix Atacado reafirma o compromisso n\u00e3o apenas em atender \u00e0s necessidades de consumo nas praias de Torres, Xangri-l\u00e1 e Tramanda\u00ed, mas tamb\u00e9m em apoiar iniciativas que transformam vidas e promovem o bem-estar das comunidades.<\/p>\n\n\n\n<p>Servi\u00e7o \u2013 cronograma do programa Ver\u00e3o IMAMA 2025 \u2013 Patroc\u00ednio Macromix Atacado<\/p>\n\n\n\n<p>18 de janeiro s\u00e1bado na Praia de Torres, das 9h \u00e0s 16h<\/p>\n\n\n\n<p>08 de fevereiro s\u00e1bado na Praia de Cap\u00e3o da Canoa, das 9h \u00e0s 16h<\/p>\n\n\n\n<p>15 de fevereiro s\u00e1bado na Praia de Tramanda\u00ed, das 9h \u00e0s 16h<\/p>\n","protected":false},"excerpt":{"rendered":"<p>As atividades ocorrer\u00e3o entre os dias 18 de janeiro e 15 de fevereiro e incluem a\u00e7\u00f5es nas praias de Torres, Cap\u00e3o da Canoa e Tramanda\u00ed O c\u00e2ncer de mama n\u00e3o tira f\u00e9rias, e o Macromix Atacado refor\u00e7a seu compromisso social ao patrocinar o Programa Ver\u00e3o IMAMA 2025, uma iniciativa do Instituto da Mama do Rio [&hellip;]<\/p>\n","protected":false},"author":2,"featured_media":1792,"comment_status":"open","ping_status":"open","sticky":false,"template":"","format":"standard","meta":{"footnotes":""},"categories":[6],"tags":[],"_links":{"self":[{"href":"http:\/\/fabianobrasil.com.br\/site\/wp-json\/wp\/v2\/posts\/1791"}],"collection":[{"href":"http:\/\/fabianobrasil.com.br\/site\/wp-json\/wp\/v2\/posts"}],"about":[{"href":"http:\/\/fabianobrasil.com.br\/site\/wp-json\/wp\/v2\/types\/post"}],"author":[{"embeddable":true,"href":"http:\/\/fabianobrasil.com.br\/site\/wp-json\/wp\/v2\/users\/2"}],"replies":[{"embeddable":true,"href":"http:\/\/fabianobrasil.com.br\/site\/wp-json\/wp\/v2\/comments?post=1791"}],"version-history":[{"count":1,"href":"http:\/\/fabianobrasil.com.br\/site\/wp-json\/wp\/v2\/posts\/1791\/revisions"}],"predecessor-version":[{"id":1793,"href":"http:\/\/fabianobrasil.com.br\/site\/wp-json\/wp\/v2\/posts\/1791\/revisions\/1793"}],"wp:featuredmedia":[{"embeddable":true,"href":"http:\/\/fabianobrasil.com.br\/site\/wp-json\/wp\/v2\/media\/1792"}],"wp:attachment":[{"href":"http:\/\/fabianobrasil.com.br\/site\/wp-json\/wp\/v2\/media?parent=1791"}],"wp:term":[{"taxonomy":"category","embeddable":true,"href":"http:\/\/fabianobrasil.com.br\/site\/wp-json\/wp\/v2\/categories?post=1791"},{"taxonomy":"post_tag","embeddable":true,"href":"http:\/\/fabianobrasil.com.br\/site\/wp-json\/wp\/v2\/tags?post=1791"}],"curies":[{"name":"wp","href":"https:\/\/api.w.org\/{rel}","templated":true}]}}