{"id":1787,"date":"2025-01-17T17:14:55","date_gmt":"2025-01-17T20:14:55","guid":{"rendered":"http:\/\/fabianobrasil.com.br\/site\/?p=1787"},"modified":"2025-01-17T17:14:55","modified_gmt":"2025-01-17T20:14:55","slug":"fundacao-o-pao-dos-pobres-da-inicio-as-comemoracoes-de-130-anos-com-missa-celebrada-pelo-cardeal-dom-jaime-spengler","status":"publish","type":"post","link":"http:\/\/fabianobrasil.com.br\/site\/2025\/01\/17\/fundacao-o-pao-dos-pobres-da-inicio-as-comemoracoes-de-130-anos-com-missa-celebrada-pelo-cardeal-dom-jaime-spengler\/","title":{"rendered":"Funda\u00e7\u00e3o O P\u00e3o dos Pobres d\u00e1 in\u00edcio \u00e0s comemora\u00e7\u00f5es de 130 anos com missa celebrada pelo cardeal Dom Jaime Spengler"},"content":{"rendered":"\n<p>Atividade acontece dia 21 de janeiro de 2025 marcando um momento hist\u00f3rico para a institui\u00e7\u00e3o e para a cidade<\/p>\n\n\n\n<p>No dia 21 de janeiro de 2025, ter\u00e7a-feira, \u00e0s 16h, a Funda\u00e7\u00e3o O P\u00e3o dos Pobres de Santo Ant\u00f4nio dar\u00e1 in\u00edcio \u00e0s comemora\u00e7\u00f5es de seus 130 anos com uma missa especial celebrada pelo cardeal Dom Jaime Spengler, arcebispo de Porto Alegre. A cerim\u00f4nia ser\u00e1 aberta \u00e0 comunidade e realizada junto com as crian\u00e7as e os jovens da institui\u00e7\u00e3o, marcando um momento hist\u00f3rico para a institui\u00e7\u00e3o e para a cidade.<br>Dom Jaime, nomeado cardeal pelo Papa Francisco em 8 de dezembro de 2024, \u00e9 o segundo arcebispo de Porto Alegre a receber esse t\u00edtulo, sucedendo Dom Vicente Scherer, que foi nomeado cardeal em 1969. A presen\u00e7a de Dom Jaime neste evento simboliza n\u00e3o apenas a b\u00ean\u00e7\u00e3o para o in\u00edcio das festividades, mas tamb\u00e9m o reconhecimento do importante trabalho desenvolvido pela Funda\u00e7\u00e3o ao longo de mais de um s\u00e9culo.<\/p>\n\n\n\n<p>Um dos momentos emocionantes da celebra\u00e7\u00e3o ser\u00e1 a apresenta\u00e7\u00e3o do coral infantil, formado por crian\u00e7as atendidas pela entidade. A missa deve reunir colaboradores, jovens, comunidade, imprensa e autoridades em um gesto de f\u00e9, agradecimento e esperan\u00e7a para o futuro. \u201cEssa celebra\u00e7\u00e3o marca o in\u00edcio das celebra\u00e7\u00f5es dos 130 anos da Funda\u00e7\u00e3o P\u00e3o dos Pobres de Santo Ant\u00f4nio. Iremos desenvolver, ao longo dos meses, v\u00e1rias atividades. \u00c9 uma honra enorme come\u00e7ar 2025 ao lado de Dom Jaime, de nossos jovens e da comunidade nessa missa que \u00e9 um marco hist\u00f3rico. Momento de celebrar ano que temos pela frente. E a gratid\u00e3o pelo legado que constru\u00edmos ao longo dessas d\u00e9cadas e de tudo que ainda vamos construir juntos. Refor\u00e7ando a miss\u00e3o da Funda\u00e7\u00e3o de promover inclus\u00e3o, educa\u00e7\u00e3o, transforma\u00e7\u00e3o social, uni\u00e3o e a esperan\u00e7a\u201d, adianta Jo\u00e3o Rocha, um dos gestores da institui\u00e7\u00e3o.<\/p>\n","protected":false},"excerpt":{"rendered":"<p>Atividade acontece dia 21 de janeiro de 2025 marcando um momento hist\u00f3rico para a institui\u00e7\u00e3o e para a cidade No dia 21 de janeiro de 2025, ter\u00e7a-feira, \u00e0s 16h, a Funda\u00e7\u00e3o O P\u00e3o dos Pobres de Santo Ant\u00f4nio dar\u00e1 in\u00edcio \u00e0s comemora\u00e7\u00f5es de seus 130 anos com uma missa especial celebrada pelo cardeal Dom Jaime [&hellip;]<\/p>\n","protected":false},"author":2,"featured_media":1788,"comment_status":"open","ping_status":"open","sticky":false,"template":"","format":"standard","meta":{"footnotes":""},"categories":[6],"tags":[],"_links":{"self":[{"href":"http:\/\/fabianobrasil.com.br\/site\/wp-json\/wp\/v2\/posts\/1787"}],"collection":[{"href":"http:\/\/fabianobrasil.com.br\/site\/wp-json\/wp\/v2\/posts"}],"about":[{"href":"http:\/\/fabianobrasil.com.br\/site\/wp-json\/wp\/v2\/types\/post"}],"author":[{"embeddable":true,"href":"http:\/\/fabianobrasil.com.br\/site\/wp-json\/wp\/v2\/users\/2"}],"replies":[{"embeddable":true,"href":"http:\/\/fabianobrasil.com.br\/site\/wp-json\/wp\/v2\/comments?post=1787"}],"version-history":[{"count":1,"href":"http:\/\/fabianobrasil.com.br\/site\/wp-json\/wp\/v2\/posts\/1787\/revisions"}],"predecessor-version":[{"id":1789,"href":"http:\/\/fabianobrasil.com.br\/site\/wp-json\/wp\/v2\/posts\/1787\/revisions\/1789"}],"wp:featuredmedia":[{"embeddable":true,"href":"http:\/\/fabianobrasil.com.br\/site\/wp-json\/wp\/v2\/media\/1788"}],"wp:attachment":[{"href":"http:\/\/fabianobrasil.com.br\/site\/wp-json\/wp\/v2\/media?parent=1787"}],"wp:term":[{"taxonomy":"category","embeddable":true,"href":"http:\/\/fabianobrasil.com.br\/site\/wp-json\/wp\/v2\/categories?post=1787"},{"taxonomy":"post_tag","embeddable":true,"href":"http:\/\/fabianobrasil.com.br\/site\/wp-json\/wp\/v2\/tags?post=1787"}],"curies":[{"name":"wp","href":"https:\/\/api.w.org\/{rel}","templated":true}]}}