{"id":1756,"date":"2024-09-06T18:15:38","date_gmt":"2024-09-06T21:15:38","guid":{"rendered":"http:\/\/fabianobrasil.com.br\/site\/?p=1756"},"modified":"2024-09-06T18:15:38","modified_gmt":"2024-09-06T21:15:38","slug":"ambientallize-abre-as-portas-do-seu-novo-showroom-em-momento-impar-de-sua-jornada","status":"publish","type":"post","link":"http:\/\/fabianobrasil.com.br\/site\/2024\/09\/06\/ambientallize-abre-as-portas-do-seu-novo-showroom-em-momento-impar-de-sua-jornada\/","title":{"rendered":"Ambientallize abre as portas do seu novo showroom em momento \u00edmpar de sua jornada"},"content":{"rendered":"\n<p><strong><em>Coquetel celebra a reestrutura\u00e7\u00e3o do espa\u00e7o e a retomada dos eventos liderados por Rejane Tavares<\/em><\/strong><\/p>\n\n\n\n<p>A express\u00e3o &#8220;a vida \u00e9 feita de momentos, e s\u00e3o eles que d\u00e3o sentido \u00e0 nossa jornada&#8221; nunca foi t\u00e3o significativa para a hist\u00f3ria da Ambientallize. Refer\u00eancia em loca\u00e7\u00f5es de m\u00f3veis para festas e na cria\u00e7\u00e3o de projetos inovadores para eventos sociais e corporativos, a empresa abre as portas ao p\u00fablico para a apresenta\u00e7\u00e3o do novo showroom. O coquetel para imprensa, convidados e clientes acontece na ter\u00e7a-feira, 10 de setembro de 2024, \u00e0s 19 horas, na sede da empresa, situada na Rua Dona Margarida, 621, bairro Navegantes, em Porto Alegre.<\/p>\n\n\n\n<p>O evento festivo ter\u00e1 m\u00faltiplas comemora\u00e7\u00f5es sob a lideran\u00e7a da diretora Rejane Tavares. Ser\u00e1 simb\u00f3lico por diversos motivos, destacando-se especialmente pela supera\u00e7\u00e3o dos impactos das enchentes em Porto Alegre, que atingiram profundamente as instala\u00e7\u00f5es e a infraestrutura de trabalho da empresa.<\/p>\n\n\n\n<p>O dia ser\u00e1 para brindar e, igualmente, para renovar o prop\u00f3sito da Ambientallize de escrever mais um importante cap\u00edtulo de sua hist\u00f3ria no mercado. \u201cEst\u00e1 em nosso DNA criar festas. Embora para alguns estes momentos possam parecer contradit\u00f3rios, para n\u00f3s s\u00e3o \u00fanicos. Afinal, tivemos tempos dif\u00edceis e sobrevivemos. Agora, \u00e9 um tempo diferente, em que devemos, sim, celebrar nossa uni\u00e3o, lembrar da nossa f\u00e9, festejar a vida e a capacidade de recriar o espa\u00e7o, e, por fim, agradecer \u00e0quelas pessoas que estiveram ao nosso lado\u201d, explica a empres\u00e1ria.<\/p>\n\n\n\n<p>A apresenta\u00e7\u00e3o das novidades e do novo layout da loja destaca tamb\u00e9m a aplica\u00e7\u00e3o dos recursos investidos na moderniza\u00e7\u00e3o e revitaliza\u00e7\u00e3o dos ambientes, garantindo simetria e acomoda\u00e7\u00e3o de pe\u00e7as de d\u00e9cor e mobili\u00e1rio para o melhor fluxo de apresenta\u00e7\u00e3o e atendimento aos clientes. A noite tamb\u00e9m chancelar\u00e1 a reinaugura\u00e7\u00e3o da Ambientallize, reafirmando o conceito de cria\u00e7\u00e3o de festas que v\u00e3o al\u00e9m da imagina\u00e7\u00e3o e dos sonhos.<\/p>\n\n\n\n<p>Vale destacar que, ao longo de sua jornada no solo ga\u00facho, a Ambientallize foi pioneira em diversas atividades. Sempre desafiada por clientes e concorrentes a entregar as melhores alternativas, a empresa ousa e cria os mais diferentes projetos. \u201cAgora, com criatividade e ousadia, queremos impulsionar o mercado de eventos, criando oportunidades e movimentos positivos como este para a retomada no RS\u201d, explica Rejane Tavares. Atualmente, ela tamb\u00e9m \u00e9 presidente da Associa\u00e7\u00e3o Ga\u00facha de Empresas e Profissionais de Eventos (AGEPES).<\/p>\n\n\n\n<p>Sobre a Ambientallize<\/p>\n\n\n\n<p>Hoje, a loja conta com um acervo de mais de 8 mil pe\u00e7as, al\u00e9m de uma equipe multidisciplinar e t\u00e9cnica para produzir cen\u00e1rios para eventos sociais e corporativos, adaptando estilos com eleg\u00e2ncia. Al\u00e9m disso, sua frota pr\u00f3pria de caminh\u00f5es permite uma log\u00edstica \u00e1gil e precisa em todo o Rio Grande do Sul. A Ambientallize disp\u00f5e de um extenso showroom, sala de provas e sala de reuni\u00f5es, onde clientes e profissionais podem buscar inspira\u00e7\u00e3o para seus projetos e sonhos mais importantes. Mais em: <a href=\"http:\/\/www.ambientallize.com.br\">www.ambientallize.com.br<\/a>. Redes sociais: @ambientallize. Facebook: Ambientallize.<\/p>\n","protected":false},"excerpt":{"rendered":"<p>Coquetel celebra a reestrutura\u00e7\u00e3o do espa\u00e7o e a retomada dos eventos liderados por Rejane Tavares A express\u00e3o &#8220;a vida \u00e9 feita de momentos, e s\u00e3o eles que d\u00e3o sentido \u00e0 nossa jornada&#8221; nunca foi t\u00e3o significativa para a hist\u00f3ria da Ambientallize. Refer\u00eancia em loca\u00e7\u00f5es de m\u00f3veis para festas e na cria\u00e7\u00e3o de projetos inovadores para [&hellip;]<\/p>\n","protected":false},"author":2,"featured_media":1757,"comment_status":"open","ping_status":"open","sticky":false,"template":"","format":"standard","meta":{"footnotes":""},"categories":[8],"tags":[],"_links":{"self":[{"href":"http:\/\/fabianobrasil.com.br\/site\/wp-json\/wp\/v2\/posts\/1756"}],"collection":[{"href":"http:\/\/fabianobrasil.com.br\/site\/wp-json\/wp\/v2\/posts"}],"about":[{"href":"http:\/\/fabianobrasil.com.br\/site\/wp-json\/wp\/v2\/types\/post"}],"author":[{"embeddable":true,"href":"http:\/\/fabianobrasil.com.br\/site\/wp-json\/wp\/v2\/users\/2"}],"replies":[{"embeddable":true,"href":"http:\/\/fabianobrasil.com.br\/site\/wp-json\/wp\/v2\/comments?post=1756"}],"version-history":[{"count":1,"href":"http:\/\/fabianobrasil.com.br\/site\/wp-json\/wp\/v2\/posts\/1756\/revisions"}],"predecessor-version":[{"id":1758,"href":"http:\/\/fabianobrasil.com.br\/site\/wp-json\/wp\/v2\/posts\/1756\/revisions\/1758"}],"wp:featuredmedia":[{"embeddable":true,"href":"http:\/\/fabianobrasil.com.br\/site\/wp-json\/wp\/v2\/media\/1757"}],"wp:attachment":[{"href":"http:\/\/fabianobrasil.com.br\/site\/wp-json\/wp\/v2\/media?parent=1756"}],"wp:term":[{"taxonomy":"category","embeddable":true,"href":"http:\/\/fabianobrasil.com.br\/site\/wp-json\/wp\/v2\/categories?post=1756"},{"taxonomy":"post_tag","embeddable":true,"href":"http:\/\/fabianobrasil.com.br\/site\/wp-json\/wp\/v2\/tags?post=1756"}],"curies":[{"name":"wp","href":"https:\/\/api.w.org\/{rel}","templated":true}]}}