{"id":1753,"date":"2024-09-06T18:07:22","date_gmt":"2024-09-06T21:07:22","guid":{"rendered":"http:\/\/fabianobrasil.com.br\/site\/?p=1753"},"modified":"2024-09-06T18:07:22","modified_gmt":"2024-09-06T21:07:22","slug":"grandes-nomes-do-tradicionalismo-e-concerto-didatico-acontecem-no-hub-plaza-em-atividades-com-ingressos-solidarios","status":"publish","type":"post","link":"http:\/\/fabianobrasil.com.br\/site\/2024\/09\/06\/grandes-nomes-do-tradicionalismo-e-concerto-didatico-acontecem-no-hub-plaza-em-atividades-com-ingressos-solidarios\/","title":{"rendered":"Grandes nomes do tradicionalismo e concerto did\u00e1tico acontecem no HUB Plaza em atividades com ingressos solid\u00e1rios"},"content":{"rendered":"\n<p>A promo\u00e7\u00e3o da cultura e da inclus\u00e3o social ganham novamente destaque na programa\u00e7\u00e3o de setembro do Plaza S\u00e3o Rafael Hotel, em Porto Alegre. No dia 10 de setembro de 2024, terca-feira, \u00e0s 19h, o HUB Plaza realiza mais uma edi\u00e7\u00e3o do Plaza Talks trazendo o tema Setembro e as Ra\u00edzes do Rio Grande do Sul &#8211; Tradi\u00e7\u00e3o, Turismo e Inova\u00e7\u00e3o. Evento tem ingresso solid\u00e1rio 1kg de alimento n\u00e3o perec\u00edvel. E vai receber dois \u00edcones do tradicionalismo no Rio Grande do Sul. Ernesto Fagundes, renomado m\u00fasico, integrante do Os Fagundes e a jurada dos festejos farroupilha, a cantora Ana Flavya. Juntos, eles trar\u00e3o ao p\u00fablico reflex\u00f5es e viv\u00eancias sobre a cultura ga\u00facha, em uma noite que promete ser tanto enriquecedora quanto emocionante. A media\u00e7\u00e3o ser\u00e1 conduzida pela jornalista Edith Auler. As inscri\u00e7\u00f5es s\u00e3o gratuitas e est\u00e3o dispon\u00edveis atrav\u00e9s do link <a href=\"https:\/\/www.sympla.com.br\/hub-talks---setembro-e-as-raizes-do-rio-grande-do-sul-tradicao-turismo-e-inovacao__2620050\">https:\/\/www.sympla.com.br\/hub-talks&#8212;setembro-e-as-raizes-do-rio-grande-do-sul-tradicao-turismo-e-inovacao__2620050<\/a><\/p>\n\n\n\n<p>Antes disso, no dia 05 de setembro, quinta-feira, acontece o lan\u00e7amento do Projeto Vida de Flautista &#8211; Concertos Did\u00e1ticos. Atividade ocorre das 10h \u00e0s 11h, no HUB Plaza localizado no 7\u00ba andar do Plaza S\u00e3o Rafael Hotel. A flautista Ana Carolina Bueno, ao lado de m\u00fasicos renomados como Dimitri 7 cordas no viol\u00e3o e Wagner Vieira na percuss\u00e3o, conduzir\u00e1 esses concertos. O projeto se prop\u00f5e a valorizar a m\u00fasica instrumental brasileira e seu papel transformador na sociedade. Iniciando uma s\u00e9rie de concertos gratuitos voltados para jovens estudantes de escolas p\u00fablicas. Com a previs\u00e3o de atingir cerca de 20 mil alunos, o projeto enfatiza a inclus\u00e3o, com servi\u00e7os de libras para pessoas com defici\u00eancia auditiva e adapta\u00e7\u00f5es para atender pessoas com mobilidade reduzida, garantindo que todos possam participar. A Rede Plaza de Hot\u00e9is \u00e9 apoiadora nessa atividade.<\/p>\n\n\n\n<p>Servi\u00e7o:<\/p>\n\n\n\n<p>Agenda Cultural Plaza S\u00e3o Rafael, HUB Plaza em setembro de 2024<\/p>\n\n\n\n<p>Dia 05 de setembro, quinta-feira &#8211; Lan\u00e7amento do Projeto Vida de Flautista &#8211; Concertos Did\u00e1ticos. Das 10h \u00e0s 11h. Com a flautista Ana Carolina Bueno e convidados. Entrada gratuita.<\/p>\n\n\n\n<p>Dia 10 de setembro &#8211; ter\u00e7a-feira, \u00e0s 19h. HUB Talks com o tema Setembro e as Ra\u00edzes do Rio Grande do Sul \u2013 Tradi\u00e7\u00e3o, Turismo e Inova\u00e7\u00e3o. Com Ernesto Fagundes e Ana Flavya. Media\u00e7\u00e3o Edith Auler. Ingresso solid\u00e1rio 1kg de alimento n\u00e3o-perec\u00edvel. Inscri\u00e7\u00f5es gratuitas pelo link <a href=\"https:\/\/www.sympla.com.br\/hub-talks---setembro-e-as-raizes-do-rio-grande-do-sul-tradicao-turismo-e-inovacao__2620050\">https:\/\/www.sympla.com.br\/hub-talks&#8212;setembro-e-as-raizes-do-rio-grande-do-sul-tradicao-turismo-e-inovacao__2620050<\/a><\/p>\n\n\n\n<p>Plaza S\u00e3o Rafael Hotel \u2013 HUB Plaza &#8211; 7\u00ba andar. Av. Alberto Bins, 540, Centro, Porto Alegre\/RS<\/p>\n","protected":false},"excerpt":{"rendered":"<p>A promo\u00e7\u00e3o da cultura e da inclus\u00e3o social ganham novamente destaque na programa\u00e7\u00e3o de setembro do Plaza S\u00e3o Rafael Hotel, em Porto Alegre. No dia 10 de setembro de 2024, terca-feira, \u00e0s 19h, o HUB Plaza realiza mais uma edi\u00e7\u00e3o do Plaza Talks trazendo o tema Setembro e as Ra\u00edzes do Rio Grande do Sul [&hellip;]<\/p>\n","protected":false},"author":2,"featured_media":1754,"comment_status":"open","ping_status":"open","sticky":false,"template":"","format":"standard","meta":{"footnotes":""},"categories":[6],"tags":[],"_links":{"self":[{"href":"http:\/\/fabianobrasil.com.br\/site\/wp-json\/wp\/v2\/posts\/1753"}],"collection":[{"href":"http:\/\/fabianobrasil.com.br\/site\/wp-json\/wp\/v2\/posts"}],"about":[{"href":"http:\/\/fabianobrasil.com.br\/site\/wp-json\/wp\/v2\/types\/post"}],"author":[{"embeddable":true,"href":"http:\/\/fabianobrasil.com.br\/site\/wp-json\/wp\/v2\/users\/2"}],"replies":[{"embeddable":true,"href":"http:\/\/fabianobrasil.com.br\/site\/wp-json\/wp\/v2\/comments?post=1753"}],"version-history":[{"count":1,"href":"http:\/\/fabianobrasil.com.br\/site\/wp-json\/wp\/v2\/posts\/1753\/revisions"}],"predecessor-version":[{"id":1755,"href":"http:\/\/fabianobrasil.com.br\/site\/wp-json\/wp\/v2\/posts\/1753\/revisions\/1755"}],"wp:featuredmedia":[{"embeddable":true,"href":"http:\/\/fabianobrasil.com.br\/site\/wp-json\/wp\/v2\/media\/1754"}],"wp:attachment":[{"href":"http:\/\/fabianobrasil.com.br\/site\/wp-json\/wp\/v2\/media?parent=1753"}],"wp:term":[{"taxonomy":"category","embeddable":true,"href":"http:\/\/fabianobrasil.com.br\/site\/wp-json\/wp\/v2\/categories?post=1753"},{"taxonomy":"post_tag","embeddable":true,"href":"http:\/\/fabianobrasil.com.br\/site\/wp-json\/wp\/v2\/tags?post=1753"}],"curies":[{"name":"wp","href":"https:\/\/api.w.org\/{rel}","templated":true}]}}