{"id":1746,"date":"2024-07-22T19:55:53","date_gmt":"2024-07-22T22:55:53","guid":{"rendered":"http:\/\/fabianobrasil.com.br\/site\/?p=1746"},"modified":"2024-07-22T19:55:53","modified_gmt":"2024-07-22T22:55:53","slug":"pao-dos-pobres-lanca-novo-site","status":"publish","type":"post","link":"http:\/\/fabianobrasil.com.br\/site\/2024\/07\/22\/pao-dos-pobres-lanca-novo-site\/","title":{"rendered":"P\u00e3o dos Pobres lan\u00e7a novo site"},"content":{"rendered":"\n<p><strong><em>Empresas e pessoas interessadas em engajar-se com trabalho desenvolvido pela funda\u00e7\u00e3o encontram informa\u00e7\u00f5es detalhadas sobre como colaborar e participar<\/em><\/strong><\/p>\n\n\n\n<p>A Funda\u00e7\u00e3o P\u00e3o dos Pobres anuncia, em julho de 2024, o lan\u00e7amento de seu novo site. Uma ferramenta desenvolvida para fortalecer ainda mais a conex\u00e3o com a comunidade, oferecer suporte e informa\u00e7\u00f5es essenciais do trabalho da institui\u00e7\u00e3o.&nbsp;O novo site se destaca como um grande facilitador, proporcionando uma navega\u00e7\u00e3o f\u00e1cil e intuitiva para todos os usu\u00e1rios. Nele, \u00e9 poss\u00edvel encontrar informa\u00e7\u00f5es completas sobre os diversos projetos, incluindo o programa Jovem Aprendiz e o Apadrinhamento Afetivo. As empresas interessadas em engajar-se tamb\u00e9m encontram informa\u00e7\u00f5es detalhadas sobre como colaborar e participar. Mais em&nbsp;<a href=\"http:\/\/www.paodospobres.org.br\/\" target=\"_blank\" rel=\"noreferrer noopener\">www.paodospobres.org.br<\/a>.<\/p>\n\n\n\n<p>Al\u00e9m disso, o site oferece um espa\u00e7o dedicado para voluntariado e doa\u00e7\u00f5es, onde os usu\u00e1rios podem facilmente acessar informa\u00e7\u00f5es sobre como contribuir e se envolver as a\u00e7\u00f5es do P\u00e3o dos Pobres. Jos\u00e9 Marcolan, um dos gestores do P\u00e3o dos Pobres, comenta sobre essa nova fase. &#8220;Estamos muito entusiasmados com o lan\u00e7amento do novo site. Ele representa um avan\u00e7o significativo em nossa capacidade de nos conectar com a comunidade e fornecer informa\u00e7\u00f5es essenciais de maneira mais acess\u00edvel. A cria\u00e7\u00e3o deste site, \u00e9 uma resposta direta \u00e0s necessidades da nossa comunidade, especialmente ap\u00f3s as enchentes recentes.&#8221;<\/p>\n\n\n\n<p>Al\u00e9m do site, est\u00e1 previsto o lan\u00e7amento de um v\u00eddeo institucional que mostrar\u00e1 a trajet\u00f3ria e os projetos do P\u00e3o dos Pobres. Outro recurso fortalecido pelo P\u00e3o dos Pobres \u00e9 o trabalho que vem sendo feito pelas redes sociais, no Instagram @paodospobres e pelo facebook.<\/p>\n\n\n\n<p>Sobre a Funda\u00e7\u00e3o O P\u00e3o dos Pobres de Santo Ant\u00f4nio, em Porto Alegre<\/p>\n\n\n\n<p>A Funda\u00e7\u00e3o O P\u00e3o dos Pobres de Santo Ant\u00f4nio \u00e9 uma Organiza\u00e7\u00e3o da Sociedade Civil (OSC) que atende mais de 1.800 crian\u00e7as, adolescentes e jovens em situa\u00e7\u00e3o de vulnerabilidade social.\u00a0A institui\u00e7\u00e3o tem 129 anos de exist\u00eancia e oferece tr\u00eas servi\u00e7os: Acolhimento Institucional, Aprendizagem Profissional e Servi\u00e7o de Conviv\u00eancia e Educa\u00e7\u00e3o Integral.\u00a0Do total de atendidos, 160 crian\u00e7as e adolescentes com idades de zero a 18 anos (incompletos) t\u00eam o P\u00e3o dos Pobres como sua moradia. A institui\u00e7\u00e3o serve cerca de 42 mil refei\u00e7\u00f5es mensalmente e \u00e9 mantida com recursos do Funcrian\u00e7a, parcerias com \u00f3rg\u00e3os municipais e empresas parceiras, por meio de cotas de aprendizagem profissional. Doa\u00e7\u00f5es via PIX (em duas op\u00e7\u00f5es de chaves: e-mail\u00a0<a rel=\"noreferrer noopener\" href=\"mailto:paodospobres@paodospobres.com.br\" target=\"_blank\">paodospobres@paodospobres.com.br<\/a>\u00a0ou CNPJ 92666015\/0001-01). Mais em\u00a0<a rel=\"noreferrer noopener\" href=\"http:\/\/www.paodospobres.org.br\/\" target=\"_blank\">www.paodospobres.org.br<\/a><\/p>\n","protected":false},"excerpt":{"rendered":"<p>Empresas e pessoas interessadas em engajar-se com trabalho desenvolvido pela funda\u00e7\u00e3o encontram informa\u00e7\u00f5es detalhadas sobre como colaborar e participar A Funda\u00e7\u00e3o P\u00e3o dos Pobres anuncia, em julho de 2024, o lan\u00e7amento de seu novo site. Uma ferramenta desenvolvida para fortalecer ainda mais a conex\u00e3o com a comunidade, oferecer suporte e informa\u00e7\u00f5es essenciais do trabalho da [&hellip;]<\/p>\n","protected":false},"author":2,"featured_media":1747,"comment_status":"open","ping_status":"open","sticky":false,"template":"","format":"standard","meta":{"footnotes":""},"categories":[4],"tags":[],"_links":{"self":[{"href":"http:\/\/fabianobrasil.com.br\/site\/wp-json\/wp\/v2\/posts\/1746"}],"collection":[{"href":"http:\/\/fabianobrasil.com.br\/site\/wp-json\/wp\/v2\/posts"}],"about":[{"href":"http:\/\/fabianobrasil.com.br\/site\/wp-json\/wp\/v2\/types\/post"}],"author":[{"embeddable":true,"href":"http:\/\/fabianobrasil.com.br\/site\/wp-json\/wp\/v2\/users\/2"}],"replies":[{"embeddable":true,"href":"http:\/\/fabianobrasil.com.br\/site\/wp-json\/wp\/v2\/comments?post=1746"}],"version-history":[{"count":1,"href":"http:\/\/fabianobrasil.com.br\/site\/wp-json\/wp\/v2\/posts\/1746\/revisions"}],"predecessor-version":[{"id":1748,"href":"http:\/\/fabianobrasil.com.br\/site\/wp-json\/wp\/v2\/posts\/1746\/revisions\/1748"}],"wp:featuredmedia":[{"embeddable":true,"href":"http:\/\/fabianobrasil.com.br\/site\/wp-json\/wp\/v2\/media\/1747"}],"wp:attachment":[{"href":"http:\/\/fabianobrasil.com.br\/site\/wp-json\/wp\/v2\/media?parent=1746"}],"wp:term":[{"taxonomy":"category","embeddable":true,"href":"http:\/\/fabianobrasil.com.br\/site\/wp-json\/wp\/v2\/categories?post=1746"},{"taxonomy":"post_tag","embeddable":true,"href":"http:\/\/fabianobrasil.com.br\/site\/wp-json\/wp\/v2\/tags?post=1746"}],"curies":[{"name":"wp","href":"https:\/\/api.w.org\/{rel}","templated":true}]}}