{"id":1678,"date":"2024-01-19T23:37:04","date_gmt":"2024-01-20T02:37:04","guid":{"rendered":"http:\/\/fabianobrasil.com.br\/site\/?p=1678"},"modified":"2024-01-19T23:37:56","modified_gmt":"2024-01-20T02:37:56","slug":"felipe-vieira-completa-tres-anos-como-ancora-do-jornal-da-noite-na-band-tv","status":"publish","type":"post","link":"http:\/\/fabianobrasil.com.br\/site\/2024\/01\/19\/felipe-vieira-completa-tres-anos-como-ancora-do-jornal-da-noite-na-band-tv\/","title":{"rendered":"Felipe Vieira completa tr\u00eas anos como \u00e2ncora do Jornal da Noite na Band TV"},"content":{"rendered":"\n<p><strong><em>O notici\u00e1rio est\u00e1 no ar h\u00e1 mais de 40 anos<\/em><\/strong><\/p>\n\n\n\n<p>O jornalista ga\u00facho Felipe Garcia Vieira completou nesta quinta-feira, 18 de janeiro, tr\u00eas anos como \u00e2ncora do Jornal da Noite na Band TV. O notici\u00e1rio est\u00e1 no ar h\u00e1 mais de 40 anos. &#8220;Hoje, sinto 50% de alegria, somada aos 50% de responsabilidade que \u00e9 apresentar um telejornal com tanta hist\u00f3ria na televis\u00e3o brasileira&#8221;. O notici\u00e1rio estreou em 1982 e j\u00e1 foi apresentado por nomes como Lillian Witte Fibe, Chico Pinheiro, Sergio Rondino, Boris Casoy e Roberto Cabrini. &#8220;Dar continuidade ao legado desses profissionais consagrados aumenta o desafio di\u00e1rio de fazer um notici\u00e1rio com informa\u00e7\u00e3o e an\u00e1lise&#8221;. O jornal \u00e9 apresentado em conjunto com a jornalista Cynthia Martins, desde janeiro de 2022. &#8220;Cynthia \u00e9 uma grande profissional, mulher forte e posicionada, conhecedora das mais diferentes \u00e1reas da nossa cobertura di\u00e1ria. Todos os dias eu aprendo com ela e a equipe de editores&#8221;.&nbsp;<\/p>\n\n\n\n<p>Ele destaca ainda a presen\u00e7a de nomes como Fernando Mitre, Juliana Rosa e Fernando Schuler, atualmente comentaristas da pol\u00edtica e economia brasileira. \u201cIsso faz com que o Jornal da Noite tenha informa\u00e7\u00e3o com an\u00e1lise de qualidade para o p\u00fablico. \u00c9 um trio de peso que nos ajuda a entender o que est\u00e1 acontecendo. Sou grato por cada momento vivido na emissora junto com os meus colegas e equipe, ansioso para os desafios que ainda vir\u00e3o.&#8221;, afirma Felipe Vieira. Atualmente, apenas dois jornalistas ga\u00fachos comandam notici\u00e1rios nacionais na tev\u00ea aberta. Um deles \u00e9 o Felipe, o outro Roberto Kovalick \u00e0 frente do Hora Um na Globo.<\/p>\n","protected":false},"excerpt":{"rendered":"<p>O notici\u00e1rio est\u00e1 no ar h\u00e1 mais de 40 anos O jornalista ga\u00facho Felipe Garcia Vieira completou nesta quinta-feira, 18 de janeiro, tr\u00eas anos como \u00e2ncora do Jornal da Noite na Band TV. O notici\u00e1rio est\u00e1 no ar h\u00e1 mais de 40 anos. &#8220;Hoje, sinto 50% de alegria, somada aos 50% de responsabilidade que \u00e9 [&hellip;]<\/p>\n","protected":false},"author":2,"featured_media":1681,"comment_status":"open","ping_status":"open","sticky":false,"template":"","format":"standard","meta":{"footnotes":""},"categories":[4],"tags":[],"_links":{"self":[{"href":"http:\/\/fabianobrasil.com.br\/site\/wp-json\/wp\/v2\/posts\/1678"}],"collection":[{"href":"http:\/\/fabianobrasil.com.br\/site\/wp-json\/wp\/v2\/posts"}],"about":[{"href":"http:\/\/fabianobrasil.com.br\/site\/wp-json\/wp\/v2\/types\/post"}],"author":[{"embeddable":true,"href":"http:\/\/fabianobrasil.com.br\/site\/wp-json\/wp\/v2\/users\/2"}],"replies":[{"embeddable":true,"href":"http:\/\/fabianobrasil.com.br\/site\/wp-json\/wp\/v2\/comments?post=1678"}],"version-history":[{"count":1,"href":"http:\/\/fabianobrasil.com.br\/site\/wp-json\/wp\/v2\/posts\/1678\/revisions"}],"predecessor-version":[{"id":1680,"href":"http:\/\/fabianobrasil.com.br\/site\/wp-json\/wp\/v2\/posts\/1678\/revisions\/1680"}],"wp:featuredmedia":[{"embeddable":true,"href":"http:\/\/fabianobrasil.com.br\/site\/wp-json\/wp\/v2\/media\/1681"}],"wp:attachment":[{"href":"http:\/\/fabianobrasil.com.br\/site\/wp-json\/wp\/v2\/media?parent=1678"}],"wp:term":[{"taxonomy":"category","embeddable":true,"href":"http:\/\/fabianobrasil.com.br\/site\/wp-json\/wp\/v2\/categories?post=1678"},{"taxonomy":"post_tag","embeddable":true,"href":"http:\/\/fabianobrasil.com.br\/site\/wp-json\/wp\/v2\/tags?post=1678"}],"curies":[{"name":"wp","href":"https:\/\/api.w.org\/{rel}","templated":true}]}}