{"id":1608,"date":"2023-08-16T21:31:00","date_gmt":"2023-08-17T00:31:00","guid":{"rendered":"http:\/\/fabianobrasil.com.br\/site\/?p=1608"},"modified":"2023-08-16T21:31:00","modified_gmt":"2023-08-17T00:31:00","slug":"a-feira-acontece-de-22-a-24-de-agosto-de-2023-em-porto-alegre-no-centro-de-eventos-da-fiergs","status":"publish","type":"post","link":"http:\/\/fabianobrasil.com.br\/site\/2023\/08\/16\/a-feira-acontece-de-22-a-24-de-agosto-de-2023-em-porto-alegre-no-centro-de-eventos-da-fiergs\/","title":{"rendered":"A feira acontece de 22 a 24 de agosto de 2023, em Porto Alegre, no Centro de eventos da Fiergs"},"content":{"rendered":"\n<p><strong>De olho no crescimento do mercado, a Bom Princ\u00edpio Alimentos traz para a Expoagas 2023 uma linha de cremes sabor chocolate para comer de colher<\/strong><\/p>\n\n\n\n<p>A Bom Princ\u00edpio Alimentos traz para a Expoagas 2023 a linha Sabores das Emo\u00e7\u00f5es, que est\u00e1 de cara nova. A novidade ser\u00e1 apresentada em primeira m\u00e3o no evento que acontece de 22 a 24 de agosto, na Fiergs, em Porto Alegre (RS). Dispon\u00edveis nos sabores chocolate ao leite, chocolate branco com chocolate ao leite, chocolate branco com cookies, chocolate meio amargo e morango com chocolate meio amargo, as emo\u00e7\u00f5es Amor, Felicidade, Gratid\u00e3o, Coragem e Desejo colocam um sorriso no rosto daqueles que experimentaram.<\/p>\n\n\n\n<p>Agora a linha est\u00e1 personificada tamb\u00e9m atrav\u00e9s de mascotes. Buscando humanizar ainda mais as emo\u00e7\u00f5es atrav\u00e9s de pel\u00facias que representam cada uma delas. O que refor\u00e7a a ideia de compartilhar boas emo\u00e7\u00f5es com quem nos \u00e9 importante. O produto, que surgiu em tempos de pandemia, vem tocando os cora\u00e7\u00f5es dos consumidores com sua iniciativa de levar boas emo\u00e7\u00f5es e conectar pessoas e seus sentimentos. \u201cA linha Sabores das Emo\u00e7\u00f5es consolida-se como produto vers\u00e1til e que cada vez mais conquista os paladares. As cinco mascotes agora em pel\u00facia, vem somar a esse produto. Com certeza acreditamos que esse lan\u00e7amento durante a feira ser\u00e1 um grande sucesso\u201d, avalia Marcelo Carvalho, Head de Gest\u00e3o Estrat\u00e9gica da Bom Princ\u00edpio Alimentos. Ainda de acordo com o gestor, \u201ca a\u00e7\u00e3o de distribui\u00e7\u00e3o das mascotes ter\u00e1 in\u00edcio na Expoagas para apoiar a divulga\u00e7\u00e3o da linha, mas seguir\u00e1 ap\u00f3s a feira circulando pelos pontos de venda da marca para impactar os consumidores de toda regi\u00e3o Sul do Brasil\u201d, complementa Carvalho.<\/p>\n\n\n\n<p>Vale destacar que o consumo de chocolate vem crescendo ano a ano no Brasil. De acordo com a Associa\u00e7\u00e3o Brasileira de Ind\u00fastria de Chocolates, Amendoins e Balas (Abicab), os n\u00fameros do mercado brasileiro mostram um crescimento de 9,8% no 1\u00ba trimestre de 2023, onde a produ\u00e7\u00e3o de chocolates no pa\u00eds atingiu 219 mil toneladas. De olho neste crescimento e na busca constante dos consumidores por saborear chocolates cada vez mais cremosos, a Bom Princ\u00edpio Alimentos acredita que a Sabores das Emo\u00e7\u00f5es deve desempenhar um papel importante de crescimento de vendas \u00e0 ind\u00fastria.<\/p>\n\n\n\n<p>Al\u00e9m dos deliciosos potinhos com chocolates para comer de colher, a Bom Princ\u00edpio Alimentos tamb\u00e9m apresentar\u00e1 em seu estande na Expoagas, produtos de linhas j\u00e1 consagradas da empresa, como a Minha Chimia, que recentemente, al\u00e7ou novos voos e agora j\u00e1 est\u00e1 no mercado internacional. Pensando no cliente varejista, a empresa tamb\u00e9m traz o lan\u00e7amento da linha de conservas da marca Encosta Ga\u00facha, com cinco novos produtos: Azeitonas verdes com caro\u00e7o, azeitonas verdes sem caro\u00e7o, azeitonas verdes fatiadas, champignon inteiro e champignon fatiado, no formato <em>pouch,<\/em> buscando trazer praticidade para o dia a dia do cliente.<\/p>\n\n\n\n<p>Sobre a Feira<\/p>\n\n\n\n<p>A Expoagas \u00e9 uma das maiores feiras de varejo da Am\u00e9rica do Sul. Ela \u00e9 organizada pela AGAS &#8211; Associa\u00e7\u00e3o Ga\u00facha de Supermercados. Com grande estrutura, proporciona \u00f3timas oportunidades para fornecedores e supermercadistas. A edi\u00e7\u00e3o do ano passado trouxe uma s\u00e9rie de novidades que abrilhantaram ainda mais o evento. A edi\u00e7\u00e3o 2022 encerrou com 60 mil visitantes de 7,2 mil empresas varejistas e com 454 expositores, rendendo quase R$ 600 milh\u00f5es de neg\u00f3cios nos tr\u00eas dias de evento.&nbsp;<\/p>\n\n\n\n<p>Sobre a Bom Princ\u00edpio Alimentos<\/p>\n\n\n\n<p>Fundada em 1996, a Bom Princ\u00edpio Alimentos \u00e9 uma empresa familiar, com matriz em Tupandi (RS) e tem como seus diretores os empres\u00e1rios&nbsp;Alexandre&nbsp;Ledur&nbsp;e Jandir Lunkes. A ind\u00fastria produz alimentos de excel\u00eancia, sempre buscando inovar e satisfazer as expectativas dos consumidores. Entre os produtos est\u00e3o os cremes de avel\u00e3, cremes de chocolates, al\u00e9m das tradicionais geleias, geleias gourmet, doces de frutas cremosos, doces em calda, doces de leite, mel, linha festa, linha p\u00e2tissier, coberturas e recheios, fruits and nuts, conservas, conservas finas, zero lactose, zero a\u00e7\u00facar e as demais marcas, Bia Cream&nbsp;e Encosta Ga\u00facha.&nbsp;Informa\u00e7\u00f5es sobre a empresa pelo site <a href=\"http:\/\/www.bomprincipioalimentos.com.br\">www.bomprincipioalimentos.com.br<\/a> ou nas redes sociais @bomprincipioalimentos.<\/p>\n\n\n\n<p><strong>Servi\u00e7o:<\/strong><\/p>\n\n\n\n<p>Bom Princ\u00edpio Alimentos na Expoagas 2023<\/p>\n\n\n\n<p>Das 12 \u00e0s 21h \u2013 De 22 a 24 de agosto, na Fiergs.<\/p>\n\n\n\n<p>Av. Assis Brasil, 8787 \u2013 Sarandi, Porto Alegre \u2013 RS<\/p>\n\n\n\n<p>Visite o estande na rua L, estande 137.<\/p>\n","protected":false},"excerpt":{"rendered":"<p>De olho no crescimento do mercado, a Bom Princ\u00edpio Alimentos traz para a Expoagas 2023 uma linha de cremes sabor chocolate para comer de colher A Bom Princ\u00edpio Alimentos traz para a Expoagas 2023 a linha Sabores das Emo\u00e7\u00f5es, que est\u00e1 de cara nova. A novidade ser\u00e1 apresentada em primeira m\u00e3o no evento que acontece [&hellip;]<\/p>\n","protected":false},"author":2,"featured_media":1609,"comment_status":"open","ping_status":"open","sticky":false,"template":"","format":"standard","meta":{"footnotes":""},"categories":[4],"tags":[],"_links":{"self":[{"href":"http:\/\/fabianobrasil.com.br\/site\/wp-json\/wp\/v2\/posts\/1608"}],"collection":[{"href":"http:\/\/fabianobrasil.com.br\/site\/wp-json\/wp\/v2\/posts"}],"about":[{"href":"http:\/\/fabianobrasil.com.br\/site\/wp-json\/wp\/v2\/types\/post"}],"author":[{"embeddable":true,"href":"http:\/\/fabianobrasil.com.br\/site\/wp-json\/wp\/v2\/users\/2"}],"replies":[{"embeddable":true,"href":"http:\/\/fabianobrasil.com.br\/site\/wp-json\/wp\/v2\/comments?post=1608"}],"version-history":[{"count":1,"href":"http:\/\/fabianobrasil.com.br\/site\/wp-json\/wp\/v2\/posts\/1608\/revisions"}],"predecessor-version":[{"id":1610,"href":"http:\/\/fabianobrasil.com.br\/site\/wp-json\/wp\/v2\/posts\/1608\/revisions\/1610"}],"wp:featuredmedia":[{"embeddable":true,"href":"http:\/\/fabianobrasil.com.br\/site\/wp-json\/wp\/v2\/media\/1609"}],"wp:attachment":[{"href":"http:\/\/fabianobrasil.com.br\/site\/wp-json\/wp\/v2\/media?parent=1608"}],"wp:term":[{"taxonomy":"category","embeddable":true,"href":"http:\/\/fabianobrasil.com.br\/site\/wp-json\/wp\/v2\/categories?post=1608"},{"taxonomy":"post_tag","embeddable":true,"href":"http:\/\/fabianobrasil.com.br\/site\/wp-json\/wp\/v2\/tags?post=1608"}],"curies":[{"name":"wp","href":"https:\/\/api.w.org\/{rel}","templated":true}]}}