{"id":1599,"date":"2023-08-10T13:34:37","date_gmt":"2023-08-10T16:34:37","guid":{"rendered":"http:\/\/fabianobrasil.com.br\/site\/?p=1599"},"modified":"2023-08-10T13:34:37","modified_gmt":"2023-08-10T16:34:37","slug":"a-gastronomia-protagonista-da-darquez-eventos","status":"publish","type":"post","link":"http:\/\/fabianobrasil.com.br\/site\/2023\/08\/10\/a-gastronomia-protagonista-da-darquez-eventos\/","title":{"rendered":"A Gastronomia Protagonista da Darqu\u00eaz Eventos"},"content":{"rendered":"\n<p><strong><em>Conceito autoral re\u00fane planejamento dos insumos, cria\u00e7\u00e3o e prop\u00f3sito para o cliente<\/em><\/strong><\/p>\n\n\n\n<p>A gastronomia assume um papel importante em qualquer evento. Seja ele social ou corporativo, a escolha respons\u00e1vel do tipo de gastronomia tem por objetivo elevar o padr\u00e3o da festa a outros patamares. Para que isso venha ocorrer, h\u00e1 de se prestar aten\u00e7\u00e3o ao conjunto de detalhes envolvidos no processo. Desde a forma do empratamento, conceito do evento, pratos a serem servidos, cores, decora\u00e7\u00e3o, p\u00fablico e o momento que isso ir\u00e1 acontecer. Premissas fundamentais para que o ato de servir na gastronomia seja sim\u00e9trico \u00e0 proposta da ocasi\u00e3o. \u00c9 nesse contexto que a Darqu\u00eaz Eventos, liderada pelo empres\u00e1rio e chef Daniel Camargo, conhecido como chef Darqu\u00eaz, com 27 anos dedicados a eventos no RS e fora dele, apresenta seu novo posicionamento de mercado.<\/p>\n\n\n\n<p>A cria\u00e7\u00e3o do conceito da Gastronomia Protagonista que tem como princ\u00edpio de que a cozinha \u00e9 que precisa brilhar. Deixando de lado a vaidade do chef, sem que isso venha sobrepor no seu trabalho. O instrumento da constru\u00e7\u00e3o do prato deve passar pelas m\u00e3os do profissional que, cuidadosamente, seleciona os melhores insumos e combina os melhores temperos, texturas e aromas. A uni\u00e3o do planejamento, m\u00e9todo de cozinhar e prop\u00f3sito dita a linha mestra para elabora\u00e7\u00e3o do card\u00e1pio. Outra etapa levada a s\u00e9rio na Darqu\u00eaz Eventos \u00e9 a sele\u00e7\u00e3o assertiva dos fornecedores e a integra\u00e7\u00e3o do que eles t\u00eam de melhor da cultura local e regional para a cocria\u00e7\u00e3o.<\/p>\n\n\n\n<p>Personaliza\u00e7\u00e3o dos pratos<\/p>\n\n\n\n<p>A Gastronomia Protagonista resulta em pratos reveladores e especiais. \u201cRespeitamos as particularidades de cada evento e esse toque de personaliza\u00e7\u00e3o \u00e9 um dos seus diferenciais\u201d, destaca o chef Darqu\u00eaz. Ele come\u00e7ou no ramo aos 16 anos de idade, passou de colaborador, assistente de cozinha, cozinheiro, s\u00f3cio de outro estabelecimento, at\u00e9 ser o propriet\u00e1rio do seu pr\u00f3prio neg\u00f3cio. O chef Darqu\u00eaz possui forma\u00e7\u00e3o na faculdade de Gastronomia do Senac\/RS, especializa\u00e7\u00e3o na \u00e1rea hoteleira e p\u00f3s-gradua\u00e7\u00e3o em Gest\u00e3o Administrativa pela Faculdade Get\u00falio Vargas (FGV). Atento \u00e0s novidades do mercado, est\u00e1 em constante atualiza\u00e7\u00e3o e aperfei\u00e7oamento nas t\u00e9cnicas gastron\u00f4micas para bem servir seus clientes.<\/p>\n\n\n\n<p>Sobre a Darqu\u00eaz Eventos<\/p>\n\n\n\n<p>Empresa especializada na produ\u00e7\u00e3o de eventos gastron\u00f4micos no RS e em outros estados brasileiros, a Darqu\u00eaz Eventos conta com infraestrutura completa de lou\u00e7as e equipamentos para tornar sua festa ainda mais especial com atendimento qualificado em casas de festas, clubes e at\u00e9 mesmo, na casa do pr\u00f3prio cliente. Conta com uma equipe experiente para atender as demandas mais variadas como casamentos, 15 anos, formaturas, recep\u00e7\u00f5es e eventos corporativos. Entre os principais servi\u00e7os da Darqu\u00eaz Eventos, est\u00e3o os empratados, buffet, minipor\u00e7\u00f5es, coffee break, brunchs, coquet\u00e9is, batizados e ch\u00e1 de panela. Al\u00e9m disso, conta com um vasto card\u00e1pio de bebidas e drinques que ir\u00e3o harmonizar suas escolhas e estilos. Tudo com um vi\u00e9s de personaliza\u00e7\u00e3o e protagonismo.<\/p>\n\n\n\n<p>Para saber mais do trabalho e or\u00e7amentos em:<\/p>\n\n\n\n<p><a href=\"http:\/\/www.darquezeventos.com\">www.darquezeventos.com<\/a><\/p>\n\n\n\n<p>e-mail: <a href=\"mailto:atendimento@darquezeventos.com.br\">atendimento@darquezeventos.com.br<\/a><\/p>\n\n\n\n<p>fone (51) 99504-3020<\/p>\n\n\n\n<p>@darquez. eventos<\/p>\n\n\n\n<figure class=\"wp-block-embed\"><div class=\"wp-block-embed__wrapper\">\nhttps:\/\/www.facebook.com\/DarquezEventosPOA\/\n<\/div><\/figure>\n","protected":false},"excerpt":{"rendered":"<p>Conceito autoral re\u00fane planejamento dos insumos, cria\u00e7\u00e3o e prop\u00f3sito para o cliente A gastronomia assume um papel importante em qualquer evento. Seja ele social ou corporativo, a escolha respons\u00e1vel do tipo de gastronomia tem por objetivo elevar o padr\u00e3o da festa a outros patamares. Para que isso venha ocorrer, h\u00e1 de se prestar aten\u00e7\u00e3o ao [&hellip;]<\/p>\n","protected":false},"author":2,"featured_media":1600,"comment_status":"open","ping_status":"open","sticky":false,"template":"","format":"standard","meta":{"footnotes":""},"categories":[4],"tags":[],"_links":{"self":[{"href":"http:\/\/fabianobrasil.com.br\/site\/wp-json\/wp\/v2\/posts\/1599"}],"collection":[{"href":"http:\/\/fabianobrasil.com.br\/site\/wp-json\/wp\/v2\/posts"}],"about":[{"href":"http:\/\/fabianobrasil.com.br\/site\/wp-json\/wp\/v2\/types\/post"}],"author":[{"embeddable":true,"href":"http:\/\/fabianobrasil.com.br\/site\/wp-json\/wp\/v2\/users\/2"}],"replies":[{"embeddable":true,"href":"http:\/\/fabianobrasil.com.br\/site\/wp-json\/wp\/v2\/comments?post=1599"}],"version-history":[{"count":1,"href":"http:\/\/fabianobrasil.com.br\/site\/wp-json\/wp\/v2\/posts\/1599\/revisions"}],"predecessor-version":[{"id":1601,"href":"http:\/\/fabianobrasil.com.br\/site\/wp-json\/wp\/v2\/posts\/1599\/revisions\/1601"}],"wp:featuredmedia":[{"embeddable":true,"href":"http:\/\/fabianobrasil.com.br\/site\/wp-json\/wp\/v2\/media\/1600"}],"wp:attachment":[{"href":"http:\/\/fabianobrasil.com.br\/site\/wp-json\/wp\/v2\/media?parent=1599"}],"wp:term":[{"taxonomy":"category","embeddable":true,"href":"http:\/\/fabianobrasil.com.br\/site\/wp-json\/wp\/v2\/categories?post=1599"},{"taxonomy":"post_tag","embeddable":true,"href":"http:\/\/fabianobrasil.com.br\/site\/wp-json\/wp\/v2\/tags?post=1599"}],"curies":[{"name":"wp","href":"https:\/\/api.w.org\/{rel}","templated":true}]}}