{"id":1593,"date":"2023-08-09T19:10:31","date_gmt":"2023-08-09T22:10:31","guid":{"rendered":"http:\/\/fabianobrasil.com.br\/site\/?p=1593"},"modified":"2023-08-10T14:42:29","modified_gmt":"2023-08-10T17:42:29","slug":"naturale-apresenta-nova-linha-de-produtos-na-expoagas-2023-em-porto-alegre","status":"publish","type":"post","link":"http:\/\/fabianobrasil.com.br\/site\/2023\/08\/09\/naturale-apresenta-nova-linha-de-produtos-na-expoagas-2023-em-porto-alegre\/","title":{"rendered":"Naturale apresenta nova linha de produtos na Expoagas 2023 em Porto Alegre"},"content":{"rendered":"\n<p><strong><em>Nova linha atende demanda de praticantes de esportes e veganos, com lan\u00e7amento que ganha destaque na feira no dia 22 de agosto<\/em><\/strong><\/p>\n\n\n\n<p>Um dos eventos mais aguardados do setor supermercadista, a Expoagas acontece em Porto Alegre, na Fiergs, de 22 a 24 de agosto de 2023. Com v\u00e1rias atividades programadas e palco de grandes novidades e lan\u00e7amentos, a feira vai contar com a presen\u00e7a da Naturale. A ind\u00fastria de Lagoa Vermelha (RS), apresenta no evento tr\u00eas lan\u00e7amentos e as suas tradicionais linhas de produtos, que cada vez mais conquistam os paladares e a sa\u00fade dos consumidores. &nbsp;Esta \u00e9 a nona vez que a Naturale participa da Expoagas.<\/p>\n\n\n\n<p>Entre os destaques est\u00e1 a Supreme Granola Power Protein, linha que atende demanda de veganos e praticantes de esportes. Uma verdadeira revolu\u00e7\u00e3o no mercado de granolas, oportunizando 24g de prote\u00edna. \u00c9 ideal para quem busca uma alimenta\u00e7\u00e3o rica em nutrientes e sem adi\u00e7\u00e3o de a\u00e7\u00facares. A combina\u00e7\u00e3o de aveia integral, castanha de caju, semente de ab\u00f3bora e pepita de girassol proporciona um sabor \u00fanico, al\u00e9m de oferecer benef\u00edcios \u00e0 sa\u00fade. Outra novidade que promete conquistar os consumidores \u00e9 a nova receita do Gran Protein Naturale, granola proteica. Vers\u00e1til, o produto \u00e9 uma \u00f3tima op\u00e7\u00e3o para compor lanches, caf\u00e9s da manh\u00e3 e da tarde, e o p\u00f3s-treino. A granola \u00e9 enriquecida com whey protein, soy protein e col\u00e1geno, totalizando 30 g de prote\u00edna. O diferencial est\u00e1 na aus\u00eancia de adi\u00e7\u00e3o de a\u00e7\u00facares, tornando-a uma alternativa saud\u00e1vel para quem busca equil\u00edbrio na alimenta\u00e7\u00e3o, al\u00e9m de ser um excelente complemento \u00e0 pr\u00e1tica esportiva. Sabor tradicional e cacau.<\/p>\n\n\n\n<p>Nat\u00e1lia Dolzan, gerente de marketing da Naturale, destacou o bom momento que a empresa vive, abordando ainda os lan\u00e7amentos desse ano. \u201cTrata-se de um superalimento que oferece fibras, prote\u00ednas e nutrientes essenciais ao nosso organismo e ideal para quem busca mais sa\u00fade e pratica esportes. E al\u00e9m dos produtos tradicionais da Naturale, buscamos sempre estar atentos \u00e0s tend\u00eancias e demandas de mercado, numa renova\u00e7\u00e3o do portf\u00f3lio que soma ainda mais adeptos \u00e0 alimenta\u00e7\u00e3o saud\u00e1vel\u201d, avalia Nat\u00e1lia.<\/p>\n\n\n\n<p>Para marcar esse momento, na ter\u00e7a-feira, dia 22 de agosto de 2023, \u00e0s 17h30, a equipe da Naturale na Expoagas ir\u00e1 realizar um evento para apresentar as novidades. Al\u00e9m dos lan\u00e7amentos, a ind\u00fastria vai oportunizar uma experi\u00eancia exclusiva de degusta\u00e7\u00e3o para os convidados com coquetel que ser\u00e1 assinado pela chef M\u00f4nica Ruschel, tendo \u00e9 claro a aveia como protagonista. O evento tamb\u00e9m deve ser marcado por um bate-papo sobre sa\u00fade e esporte com a nutricionista Viviane Braz.<\/p>\n\n\n\n<p>Sobre a&nbsp;Naturale<\/p>\n\n\n\n<p>Criada em mar\u00e7o de 2000, na cidade de Lagoa Vermelha, no Rio Grande do Sul, a&nbsp;Naturale, se consolida no mercado como importante fornecedora de produtos de aveia para grandes redes supermercadistas. Trabalhando com foco em um cereal funcional, genuinamente saud\u00e1vel e indispens\u00e1vel no card\u00e1pio dos brasileiros. A&nbsp;Naturale&nbsp;vem conquistando de forma s\u00f3lida o seu espa\u00e7o no setor de alimentos funcionais em todo o Brasil e no Mercosul. Tendo como mat\u00e9ria prima a aveia, a empresa ga\u00facha acredita no potencial desse cereal, fomentando toda a cadeia produtiva da regi\u00e3o onde est\u00e1 localizada a unidade fabril. Tem desenvolvido produtos com sua marca e para diversas marcas pr\u00f3prias. Mensalmente a&nbsp;Naturale&nbsp;utiliza mais de tr\u00eas milh\u00f5es de quilos de aveia \u00e0 produ\u00e7\u00e3o de flocos, flocos finos, farinha, granolas, barras Nuts, barras de cereais, cookies, aveias saborizadas (banana e canela; mel e chocolate), e mueslis. Mais em <a href=\"http:\/\/www.cereaisnaturale.com.br\">www.cereaisnaturale.com.br<\/a> e pelo Instagram @cereaisnaturale<\/p>\n\n\n\n<p><strong>Servi\u00e7o:<\/strong><\/p>\n\n\n\n<p>Naturale na Expoagas 2023 \u2013 Evento de lan\u00e7amento de produtos da ind\u00fastria com coquetel assinado pela chef M\u00f4nica Ruschel e bate-papo sobre sa\u00fade e esporte com a nutricionista Viviane Braz. Dia 22 de agosto, ter\u00e7a-feira, \u00e0s 17h30min, no Estande da Naturale na Expoagas. Fiergs. Av. Assis Brasil, 8787 &#8211; Sarandi, Porto Alegre \u2013 RS.<\/p>\n","protected":false},"excerpt":{"rendered":"<p>Nova linha atende demanda de praticantes de esportes e veganos, com lan\u00e7amento que ganha destaque na feira no dia 22 de agosto Um dos eventos mais aguardados do setor supermercadista, a Expoagas acontece em Porto Alegre, na Fiergs, de 22 a 24 de agosto de 2023. Com v\u00e1rias atividades programadas e palco de grandes novidades [&hellip;]<\/p>\n","protected":false},"author":2,"featured_media":1602,"comment_status":"open","ping_status":"open","sticky":false,"template":"","format":"standard","meta":{"footnotes":""},"categories":[4],"tags":[],"_links":{"self":[{"href":"http:\/\/fabianobrasil.com.br\/site\/wp-json\/wp\/v2\/posts\/1593"}],"collection":[{"href":"http:\/\/fabianobrasil.com.br\/site\/wp-json\/wp\/v2\/posts"}],"about":[{"href":"http:\/\/fabianobrasil.com.br\/site\/wp-json\/wp\/v2\/types\/post"}],"author":[{"embeddable":true,"href":"http:\/\/fabianobrasil.com.br\/site\/wp-json\/wp\/v2\/users\/2"}],"replies":[{"embeddable":true,"href":"http:\/\/fabianobrasil.com.br\/site\/wp-json\/wp\/v2\/comments?post=1593"}],"version-history":[{"count":2,"href":"http:\/\/fabianobrasil.com.br\/site\/wp-json\/wp\/v2\/posts\/1593\/revisions"}],"predecessor-version":[{"id":1603,"href":"http:\/\/fabianobrasil.com.br\/site\/wp-json\/wp\/v2\/posts\/1593\/revisions\/1603"}],"wp:featuredmedia":[{"embeddable":true,"href":"http:\/\/fabianobrasil.com.br\/site\/wp-json\/wp\/v2\/media\/1602"}],"wp:attachment":[{"href":"http:\/\/fabianobrasil.com.br\/site\/wp-json\/wp\/v2\/media?parent=1593"}],"wp:term":[{"taxonomy":"category","embeddable":true,"href":"http:\/\/fabianobrasil.com.br\/site\/wp-json\/wp\/v2\/categories?post=1593"},{"taxonomy":"post_tag","embeddable":true,"href":"http:\/\/fabianobrasil.com.br\/site\/wp-json\/wp\/v2\/tags?post=1593"}],"curies":[{"name":"wp","href":"https:\/\/api.w.org\/{rel}","templated":true}]}}