{"id":1581,"date":"2023-08-03T20:26:45","date_gmt":"2023-08-03T23:26:45","guid":{"rendered":"http:\/\/fabianobrasil.com.br\/site\/?p=1581"},"modified":"2023-08-03T20:26:45","modified_gmt":"2023-08-03T23:26:45","slug":"pao-dos-pobres-completa-128-anos-e-apresenta-primeira-etapa-do-restauro-do-seu-predio","status":"publish","type":"post","link":"http:\/\/fabianobrasil.com.br\/site\/2023\/08\/03\/pao-dos-pobres-completa-128-anos-e-apresenta-primeira-etapa-do-restauro-do-seu-predio\/","title":{"rendered":"P\u00e3o dos Pobres completa 128 anos e apresenta primeira etapa do restauro do seu pr\u00e9dio"},"content":{"rendered":"\n<p><strong><em>Cerim\u00f4nia de acendimento da nova ilumina\u00e7\u00e3o da fachada ocorrer\u00e1 no dia 15 de agosto<\/em><\/strong><\/p>\n\n\n\n<p>A Funda\u00e7\u00e3o O P\u00e3o dos Pobres de Santo Ant\u00f4nio completa 128 anos de atua\u00e7\u00e3o, e vai marcar o seu anivers\u00e1rio com a entrega da primeira etapa do restauro da sua fachada. A frente do pr\u00e9dio, posicionada para as avenidas Praia de Belas e Borges de Medeiros ser\u00e1 iluminada no dia 15 de agosto, \u00e0s 19h para exibir o resultado da fase inicial da requalifica\u00e7\u00e3o. A edifica\u00e7\u00e3o vem sendo restaurada desde 2017 pela equipe Studio 1 Arquitetura, sob o comando do arquiteto Lucas Volpatto, j\u00e1 passou por diversas fases e vem buscando apoio para conseguir dar andamento \u00e0s pr\u00f3ximas etapas. At\u00e9 o momento, metade do projeto foi conclu\u00eddo. O edif\u00edcio foi tombado em 2004 pelo munic\u00edpio de Porto Alegre devido \u00e0 peculiaridade e riqueza de suas caracter\u00edsticas arquitet\u00f4nicas e pela sua import\u00e2ncia hist\u00f3rica. \u201cEstamos muito satisfeitos por devolver nosso patrim\u00f4nio hist\u00f3rico \u00e0 sociedade. O pr\u00e9dio tombado \u00e9 um dos mais lindos cart\u00f5es postais da cidade e o P\u00e3o dos Pobres realiza, por meio da administra\u00e7\u00e3o Lassalista, um trabalho social de excel\u00eancia. Tudo o que fazemos s\u00f3 \u00e9 poss\u00edvel gra\u00e7as \u00e0 arrecada\u00e7\u00e3o financeira oriunda prioritariamente de empresas, doa\u00e7\u00f5es espont\u00e2neas de pessoas f\u00edsicas, destina\u00e7\u00e3o de verbas por meio de conv\u00eanios p\u00fablicos e sociedade civil. Sentimo-nos amparados e motivados a levar adiante nossa miss\u00e3o.\u201d destaca o diretor-geral da entidade, Irm\u00e3o Albano Thiele.<\/p>\n\n\n\n<p>Sobre o P\u00e3o dos Pobres<\/p>\n\n\n\n<p>O P\u00e3o dos Pobres surgiu em 1895, a partir da iniciativa solid\u00e1ria do C\u00f4nego Jos\u00e9 Marcelino de Souza Bitencourt, que buscava amparar as vi\u00favas e os filhos de v\u00edtimas da Revolu\u00e7\u00e3o Federalista. A guerra civil ocorreu na Regi\u00e3o Sul do Brasil, entre 1893 e 1895, poucos anos ap\u00f3s Proclama\u00e7\u00e3o da Rep\u00fablica. Atualmente, a Funda\u00e7\u00e3o atende em torno de 1,4 mil crian\u00e7as e adolescentes em situa\u00e7\u00e3o de vulnerabilidade social, com idades de zero a 18 anos incompletos. Desse total, 120 residem em casas de acolhimento da Institui\u00e7\u00e3o. Eles recebem todas as condi\u00e7\u00f5es de prote\u00e7\u00e3o e desenvolvimento pessoal, conforme suas faixas et\u00e1rias, como alimenta\u00e7\u00e3o adequada, acompanhamento de equipes multidisciplinares, compostas por psic\u00f3logos, assistentes sociais e educadores, al\u00e9m de inser\u00e7\u00e3o na Escola regular, atividades culturais e esportivas. Existem, tamb\u00e9m, os Servi\u00e7os de Conviv\u00eancia e Fortalecimento de V\u00ednculos e o de Educa\u00e7\u00e3o Integral, que atendem 210 crian\u00e7as nos em turnos inversos ao escolar. H\u00e1, ainda, o servi\u00e7o de Aprendizagem Profissional, com a oferta semestral de 13 cursos que preparam os jovens a partir de 14 anos para o mercado de trabalho.<\/p>\n\n\n\n<p>Pr\u00e9dio hist\u00f3rico tombado e restaurado<\/p>\n\n\n\n<p>O atual pr\u00e9dio da Funda\u00e7\u00e3o O P\u00e3o dos Pobres de Santo Ant\u00f4nio foi concebido pelo arquiteto alem\u00e3o Joseph Lutzenberger, pai do ambientalista ga\u00facho Jos\u00e9 Lutzenberger, para abrigar vi\u00favas e crian\u00e7as que ficaram \u00f3rf\u00e3s durante a Revolu\u00e7\u00e3o Federalista. A pedido da Arquidiocese de Porto Alegre, ele foi constru\u00eddo para acolher fam\u00edlias carentes que j\u00e1 eram atendidas pela Funda\u00e7\u00e3o.<\/p>\n\n\n\n<p>Em 1929 a edifica\u00e7\u00e3o foi conclu\u00edda e inaugurada com aux\u00edlio de donativos da sociedade porto-alegrense. O edif\u00edcio foi tombado em 2004 pelo munic\u00edpio de Porto Alegre devido \u00e0 peculiaridade e riqueza de suas caracter\u00edsticas arquitet\u00f4nicas, al\u00e9m da sua import\u00e2ncia hist\u00f3rica. Desde o in\u00edcio da requalifica\u00e7\u00e3o, em 2017, o pr\u00e9dio j\u00e1 passou por diversas fases e depende de apoio financeiro para a conclus\u00e3o dos 50% restantes.<\/p>\n\n\n\n<p>A primeira etapa do restauro, que \u00e9 a fachada principal, foi realizada com recursos pr\u00f3prios da Funda\u00e7\u00e3o e ser\u00e1 entregue no dia 15 de agosto. O trabalho est\u00e1 sendo realizado pela Studio 1 Arquitetura, sob o comando de Lucas Volpatto. Uma equipe multidisciplinar de restauradores, historiadores e arquitetos realizou um estudo minucioso sobre a constru\u00e7\u00e3o da edifica\u00e7\u00e3o. V\u00e1rios detalhes foram se revelando ao longo do processo, e a edifica\u00e7\u00e3o ter\u00e1 seus tons originais de volta, al\u00e9m do restauro do grupo escult\u00f3rico e o muro da Baronesa. No dia do anivers\u00e1rio da Funda\u00e7\u00e3o, a fachada ser\u00e1 exibida com a implanta\u00e7\u00e3o da ilumina\u00e7\u00e3o c\u00eanica.<\/p>\n","protected":false},"excerpt":{"rendered":"<p>Cerim\u00f4nia de acendimento da nova ilumina\u00e7\u00e3o da fachada ocorrer\u00e1 no dia 15 de agosto A Funda\u00e7\u00e3o O P\u00e3o dos Pobres de Santo Ant\u00f4nio completa 128 anos de atua\u00e7\u00e3o, e vai marcar o seu anivers\u00e1rio com a entrega da primeira etapa do restauro da sua fachada. A frente do pr\u00e9dio, posicionada para as avenidas Praia de [&hellip;]<\/p>\n","protected":false},"author":2,"featured_media":1582,"comment_status":"open","ping_status":"open","sticky":false,"template":"","format":"standard","meta":{"footnotes":""},"categories":[4],"tags":[],"_links":{"self":[{"href":"http:\/\/fabianobrasil.com.br\/site\/wp-json\/wp\/v2\/posts\/1581"}],"collection":[{"href":"http:\/\/fabianobrasil.com.br\/site\/wp-json\/wp\/v2\/posts"}],"about":[{"href":"http:\/\/fabianobrasil.com.br\/site\/wp-json\/wp\/v2\/types\/post"}],"author":[{"embeddable":true,"href":"http:\/\/fabianobrasil.com.br\/site\/wp-json\/wp\/v2\/users\/2"}],"replies":[{"embeddable":true,"href":"http:\/\/fabianobrasil.com.br\/site\/wp-json\/wp\/v2\/comments?post=1581"}],"version-history":[{"count":1,"href":"http:\/\/fabianobrasil.com.br\/site\/wp-json\/wp\/v2\/posts\/1581\/revisions"}],"predecessor-version":[{"id":1583,"href":"http:\/\/fabianobrasil.com.br\/site\/wp-json\/wp\/v2\/posts\/1581\/revisions\/1583"}],"wp:featuredmedia":[{"embeddable":true,"href":"http:\/\/fabianobrasil.com.br\/site\/wp-json\/wp\/v2\/media\/1582"}],"wp:attachment":[{"href":"http:\/\/fabianobrasil.com.br\/site\/wp-json\/wp\/v2\/media?parent=1581"}],"wp:term":[{"taxonomy":"category","embeddable":true,"href":"http:\/\/fabianobrasil.com.br\/site\/wp-json\/wp\/v2\/categories?post=1581"},{"taxonomy":"post_tag","embeddable":true,"href":"http:\/\/fabianobrasil.com.br\/site\/wp-json\/wp\/v2\/tags?post=1581"}],"curies":[{"name":"wp","href":"https:\/\/api.w.org\/{rel}","templated":true}]}}