{"id":1574,"date":"2023-07-24T17:15:59","date_gmt":"2023-07-24T20:15:59","guid":{"rendered":"http:\/\/fabianobrasil.com.br\/site\/?p=1574"},"modified":"2023-07-24T17:15:59","modified_gmt":"2023-07-24T20:15:59","slug":"plaza-hub-sounds-anuncia-masterclass-especial-de-guitarra-com-o-musico-e-produtor-frank-solari","status":"publish","type":"post","link":"http:\/\/fabianobrasil.com.br\/site\/2023\/07\/24\/plaza-hub-sounds-anuncia-masterclass-especial-de-guitarra-com-o-musico-e-produtor-frank-solari\/","title":{"rendered":"Plaza HUB Sounds anuncia masterclass especial de guitarra com o m\u00fasico e produtor Frank Solari"},"content":{"rendered":"\n<p><strong><em>Atividade acontece no Plaza HUB na quinta-feira, dia 27 de julho\u00a0de 2023\u00a0em Porto Alegre\u00a0<\/em><\/strong><\/p>\n\n\n\n<p>Integrado \u00e0s comemora\u00e7\u00f5es dos 50 anos do hotel Plaza S\u00e3o Rafael, o Plaza HUB Sounds est\u00e1 oportunizando uma masterclass exclusiva de guitarra&nbsp;com&nbsp;um dos solistas mais respeitados e influentes da atualidade, o m\u00fasico e produtor Frank Solari. Atividade acontece dia 27 de julho de 2023, quinta-feira, \u00e0s 19h, no hotel Plaza S\u00e3o Rafael \u2013&nbsp;<a href=\"https:\/\/www.google.com\/maps\/search\/Av.+Alberto+Bins+514?entry=gmail&amp;source=g\" target=\"_blank\" rel=\"noreferrer noopener\">Av. Alberto Bins 514<\/a>, no centro, em Porto Alegre (RS). Aqueles que desejarem contribuir com&nbsp;um&nbsp;quilo de alimento n\u00e3o perec\u00edvel ganham desconto no valor que fica por R$ 40,00 por pessoa. As vagas s\u00e3o limitadas. Inscri\u00e7\u00f5es pelo link&nbsp;<a href=\"https:\/\/www.sympla.com.br\/evento\/masterclass-com-frank-solari-by-plaza-hub-sounds\/2023851\" target=\"_blank\" rel=\"noreferrer noopener\">https:\/\/www.sympla.com.br\/evento\/masterclass-com-frank-solari-by-plaza-hub-sounds\/2023851<\/a><\/p>\n\n\n\n<p>Virtuoso da guitarra, Frank Solari vai compartilhar durante o evento no Plaza HUB Soundssuas experi\u00eancias e t\u00e9cnicas, acumuladas ao longo de sua carreira, proporcionando insights e o aprimoramento art\u00edstico e criativo dos participantes. Abordando quest\u00f5es como interpreta\u00e7\u00e3o, produ\u00e7\u00e3o musical, entre outros. \u201cA Masterclass ser\u00e1 uma oportunidade para mergulhar na trajet\u00f3ria musical de Frank Solari.&nbsp;Direcionada a m\u00fasicos aspirantes, estudantes de m\u00fasica,&nbsp;entusiastas da guitarra e profissionais. Que devem encontrar aqui um ambiente prop\u00edcio para aprimorar suas habilidades e conhecimentos em uma viagem musical incr\u00edvel ao lado de Frank Solari\u201d, adianta Marcelo Schmidt, Head do Plaza HUB.<\/p>\n\n\n\n<p><strong>Servi\u00e7o:<\/strong><\/p>\n\n\n\n<p>O que: Plaza HUB Sounds \/ Masterclass de Guitarra \u2013 Frank Solari.<\/p>\n\n\n\n<p>Quando: Quinta-feira, dia 27 de julho&nbsp;de 2023, \u00e0s 19h<\/p>\n\n\n\n<p>Onde: Plaza S\u00e3o Rafael Hotel &#8211; Plaza HUB&nbsp;\u2013&nbsp;<a href=\"https:\/\/www.google.com\/maps\/search\/Av.+Alberto+Bins,+514,+Centro,+POA?entry=gmail&amp;source=g\">Av. Alberto Bins, 514, Centro, POA<\/a>.&nbsp;&nbsp;<\/p>\n\n\n\n<p>Ingressos: R$ 40 antecipado + 1kg de alimento n\u00e3o perec\u00edvel \/ R$&nbsp;60 na hora. O alimento arrecadado durante o evento ser\u00e1 doado para institui\u00e7\u00f5es beneficentes locais.<\/p>\n\n\n\n<p>Vagas limitadas. Inscri\u00e7\u00f5es:&nbsp;<a href=\"https:\/\/www.sympla.com.br\/evento\/masterclass-com-frank-solari-by-plaza-hub-sounds\/2023851\" target=\"_blank\" rel=\"noreferrer noopener\">https:\/\/www.sympla.com.br\/evento\/masterclass-com-frank-solari-by-plaza-hub-sounds\/2023851<\/a><\/p>\n","protected":false},"excerpt":{"rendered":"<p>Atividade acontece no Plaza HUB na quinta-feira, dia 27 de julho\u00a0de 2023\u00a0em Porto Alegre\u00a0 Integrado \u00e0s comemora\u00e7\u00f5es dos 50 anos do hotel Plaza S\u00e3o Rafael, o Plaza HUB Sounds est\u00e1 oportunizando uma masterclass exclusiva de guitarra&nbsp;com&nbsp;um dos solistas mais respeitados e influentes da atualidade, o m\u00fasico e produtor Frank Solari. Atividade acontece dia 27 de [&hellip;]<\/p>\n","protected":false},"author":2,"featured_media":1575,"comment_status":"open","ping_status":"open","sticky":false,"template":"","format":"standard","meta":{"footnotes":""},"categories":[4],"tags":[],"_links":{"self":[{"href":"http:\/\/fabianobrasil.com.br\/site\/wp-json\/wp\/v2\/posts\/1574"}],"collection":[{"href":"http:\/\/fabianobrasil.com.br\/site\/wp-json\/wp\/v2\/posts"}],"about":[{"href":"http:\/\/fabianobrasil.com.br\/site\/wp-json\/wp\/v2\/types\/post"}],"author":[{"embeddable":true,"href":"http:\/\/fabianobrasil.com.br\/site\/wp-json\/wp\/v2\/users\/2"}],"replies":[{"embeddable":true,"href":"http:\/\/fabianobrasil.com.br\/site\/wp-json\/wp\/v2\/comments?post=1574"}],"version-history":[{"count":1,"href":"http:\/\/fabianobrasil.com.br\/site\/wp-json\/wp\/v2\/posts\/1574\/revisions"}],"predecessor-version":[{"id":1576,"href":"http:\/\/fabianobrasil.com.br\/site\/wp-json\/wp\/v2\/posts\/1574\/revisions\/1576"}],"wp:featuredmedia":[{"embeddable":true,"href":"http:\/\/fabianobrasil.com.br\/site\/wp-json\/wp\/v2\/media\/1575"}],"wp:attachment":[{"href":"http:\/\/fabianobrasil.com.br\/site\/wp-json\/wp\/v2\/media?parent=1574"}],"wp:term":[{"taxonomy":"category","embeddable":true,"href":"http:\/\/fabianobrasil.com.br\/site\/wp-json\/wp\/v2\/categories?post=1574"},{"taxonomy":"post_tag","embeddable":true,"href":"http:\/\/fabianobrasil.com.br\/site\/wp-json\/wp\/v2\/tags?post=1574"}],"curies":[{"name":"wp","href":"https:\/\/api.w.org\/{rel}","templated":true}]}}