{"id":1570,"date":"2023-07-17T17:46:47","date_gmt":"2023-07-17T20:46:47","guid":{"rendered":"http:\/\/fabianobrasil.com.br\/site\/?p=1570"},"modified":"2023-07-17T17:46:47","modified_gmt":"2023-07-17T20:46:47","slug":"deputada-patricia-alba-defende-maior-participacao-das-mulheres-na-politica-em-encontro-do-mdb-mulher-em-veranopolis","status":"publish","type":"post","link":"http:\/\/fabianobrasil.com.br\/site\/2023\/07\/17\/deputada-patricia-alba-defende-maior-participacao-das-mulheres-na-politica-em-encontro-do-mdb-mulher-em-veranopolis\/","title":{"rendered":"Deputada Patr\u00edcia Alba defende maior participa\u00e7\u00e3o das mulheres na pol\u00edtica, em encontro do MDB Mulher, em Veran\u00f3polis"},"content":{"rendered":"\n<p><strong>Cerca de 300 mulheres estiverem presentes ao 1\u00ba Encontro MDB Mulher da Encosta Superior do Nordeste, no s\u00e1bado, 15<\/strong><\/p>\n\n\n\n<p>A deputada Patr\u00edcia Alba, procuradora especial da Mulher da Assembleia Legislativa e presidente do MDB Mulher RS, participou no s\u00e1bado, 15, do 1\u00ba Encontro do MDB Mulher da Encosta Superior Norte, em Veran\u00f3polis, que reuniu cerca de 300 mulheres emedebistas. A principal pauta do evento, organizado pelo N\u00facleo Regional do MDB Mulher, foi a discuss\u00e3o sobre a valoriza\u00e7\u00e3o e conscientiza\u00e7\u00e3o para o aumento da participa\u00e7\u00e3o feminina na pol\u00edtica, com foco nas elei\u00e7\u00f5es municipais de 2024. \u201cN\u00e3o existe mudan\u00e7a silenciosa muito menos passiva, temos de ocupar os espa\u00e7os que nos s\u00e3o de direito\u201d, reitera a deputada.<\/p>\n\n\n\n<p>Reconhecida hoje no Rio Grande do Sul como uma das principais defensoras do fortalecimento das mulheres na vida p\u00fablica e na representa\u00e7\u00e3o pol\u00edtica, a deputada Patr\u00edcia Alba refor\u00e7a que o MDB pode ir al\u00e9m do desempenho obtido nas \u00faltimas elei\u00e7\u00f5es municipais, quando o partido elegeu dez prefeitas, 12 vice-prefeitas e 232 vereadoras. &#8220;N\u00f3s, mulheres, precisamos estar nos espa\u00e7os de decis\u00f5es. N\u00e3o \u00e9 uma luta contra os homens, mas sim uma quest\u00e3o de igualdade, para fazermos parte dos ambientes em que a vida em sociedade \u00e9 debatida e decidida, lutando por nossas pautas. Caso contr\u00e1rio, algu\u00e9m estar\u00e1 decidindo por n\u00f3s&#8221;, destacou Patr\u00edcia Alba.<\/p>\n\n\n\n<p>Patr\u00edcia Alba evidenciou ainda a relev\u00e2ncia de encontros de mobiliza\u00e7\u00e3o como forma de incentivar o p\u00fablico feminino. Conforme a deputada, a mulher, ao cuidar de sua fam\u00edlia, tem conhecimento e sensibilidade para levar as necessidades das fam\u00edlias aos f\u00f3runs de decis\u00e3o. \u201cEla se importa se vai ter m\u00e9dico no posto, se vai ter professor em sala de aula. E eventos como este clareiam o motivo pelo qual \u00e9 preciso participar da pol\u00edtica. Motiva as mulheres a ocuparem esse espa\u00e7o que \u00e9 seu tamb\u00e9m\u201d, justifica Patr\u00edcia.<\/p>\n\n\n\n<p>\u201cNossa meta \u00e9 fortalecer e encorajar para que as nossas companheiras estejam comprometidas com o MDB e com as suas comunidades e, consequentemente, aumentarmos a nossa participa\u00e7\u00e3o em toda a regi\u00e3o\u201d, observou Mara Guzzo, vereadora em Veran\u00f3polis e coordenadora do n\u00facleo feminino do MDB na regi\u00e3o.<\/p>\n\n\n\n<p>Como parte das atividades de capacita\u00e7\u00e3o, as palestrantes foram a prefeita de Novo Hamburgo F\u00e1tima Daudt (gest\u00e3o p\u00fablica); a jornalista Soraia Hanna (comunica\u00e7\u00e3o e marketing); e a advogada Cristiane Ferreira Lohmann, falando sobre concep\u00e7\u00e3o de projetos para a atra\u00e7\u00e3o de recursos p\u00fablicos. Tamb\u00e9m estiveram presentes o presidente da Assembleia Legislativa, Vilmar Zanchin; o deputado estadual Carlos B\u00farigo; o prefeito de Veran\u00f3polis, Waldemar De Carli; o coordenador do MDB na Coordenadoria da Encosta Superior do Nordeste, Jonas Soares; a vice-prefeita de Nova Prata, Sandra Helena Guglielmin Zottis;<br>as vereadoras Alais Lovera (Nova Bassano), Mara Cristina (Nova Ara\u00e7\u00e1), Jaqueline Podenski (Vila Flores), Mara Garib, Maria Greguol Veran\u00f3polis, Adriane Parise, de Veran\u00f3polis; e Jaquisele dos Santos, Roca Sales.<\/p>\n","protected":false},"excerpt":{"rendered":"<p>Cerca de 300 mulheres estiverem presentes ao 1\u00ba Encontro MDB Mulher da Encosta Superior do Nordeste, no s\u00e1bado, 15 A deputada Patr\u00edcia Alba, procuradora especial da Mulher da Assembleia Legislativa e presidente do MDB Mulher RS, participou no s\u00e1bado, 15, do 1\u00ba Encontro do MDB Mulher da Encosta Superior Norte, em Veran\u00f3polis, que reuniu cerca [&hellip;]<\/p>\n","protected":false},"author":2,"featured_media":1567,"comment_status":"open","ping_status":"open","sticky":false,"template":"","format":"standard","meta":{"footnotes":""},"categories":[4],"tags":[],"_links":{"self":[{"href":"http:\/\/fabianobrasil.com.br\/site\/wp-json\/wp\/v2\/posts\/1570"}],"collection":[{"href":"http:\/\/fabianobrasil.com.br\/site\/wp-json\/wp\/v2\/posts"}],"about":[{"href":"http:\/\/fabianobrasil.com.br\/site\/wp-json\/wp\/v2\/types\/post"}],"author":[{"embeddable":true,"href":"http:\/\/fabianobrasil.com.br\/site\/wp-json\/wp\/v2\/users\/2"}],"replies":[{"embeddable":true,"href":"http:\/\/fabianobrasil.com.br\/site\/wp-json\/wp\/v2\/comments?post=1570"}],"version-history":[{"count":1,"href":"http:\/\/fabianobrasil.com.br\/site\/wp-json\/wp\/v2\/posts\/1570\/revisions"}],"predecessor-version":[{"id":1571,"href":"http:\/\/fabianobrasil.com.br\/site\/wp-json\/wp\/v2\/posts\/1570\/revisions\/1571"}],"wp:featuredmedia":[{"embeddable":true,"href":"http:\/\/fabianobrasil.com.br\/site\/wp-json\/wp\/v2\/media\/1567"}],"wp:attachment":[{"href":"http:\/\/fabianobrasil.com.br\/site\/wp-json\/wp\/v2\/media?parent=1570"}],"wp:term":[{"taxonomy":"category","embeddable":true,"href":"http:\/\/fabianobrasil.com.br\/site\/wp-json\/wp\/v2\/categories?post=1570"},{"taxonomy":"post_tag","embeddable":true,"href":"http:\/\/fabianobrasil.com.br\/site\/wp-json\/wp\/v2\/tags?post=1570"}],"curies":[{"name":"wp","href":"https:\/\/api.w.org\/{rel}","templated":true}]}}