{"id":1566,"date":"2023-07-17T17:39:30","date_gmt":"2023-07-17T20:39:30","guid":{"rendered":"http:\/\/fabianobrasil.com.br\/site\/?p=1566"},"modified":"2023-07-17T17:44:41","modified_gmt":"2023-07-17T20:44:41","slug":"hub-talks-promove-debate-sobre-o-centro-historico-e-planejamento-urbano","status":"publish","type":"post","link":"http:\/\/fabianobrasil.com.br\/site\/2023\/07\/17\/hub-talks-promove-debate-sobre-o-centro-historico-e-planejamento-urbano\/","title":{"rendered":"HUB Talks promove debate sobre o centro hist\u00f3rico e planejamento urbano"},"content":{"rendered":"\n<p><strong><em>Evento gratuito acontece no dia 20 de julho de 2023 reunindo autoridades, empres\u00e1rios e a comunidade<\/em><\/strong><\/p>\n\n\n\n<p>O Centro Hist\u00f3rico e Planejamento Urbano de Porto Alegre entram em debate em mais uma edi\u00e7\u00e3o do HUB Talks. Promovido pelo Plaza HUB, o evento acontece no dia 20 de julho de 2023, quinta-feira, \u00e0s 18h30, no hotel Plaza S\u00e3o Rafael. O encontro contar\u00e1 com a presen\u00e7a de convidados. Entre eles Cezar Schirmer, secret\u00e1rio Municipal de Planejamento e Assuntos Estrat\u00e9gicos (SMPAE). Edemir Simonetti, empres\u00e1rio do segmento da gastronomia e de Oscar Schmidt, diretor da Rede Plaza de Hot\u00e9is. A mediadora do evento ser\u00e1 a jornalista Edith Auler. As inscri\u00e7\u00f5es podem ser feitas pelo link https:\/\/www.sympla.com.br\/evento\/hub-talks-centro-historico-de-porto-alegre-e-planejamento-urbano\/2039807<\/p>\n\n\n\n<p>Em 2023, o Plaza S\u00e3o Rafael completou 50 anos de atividades. E a inten\u00e7\u00e3o&nbsp;\u00e9 proporcionar um ambiente de troca de ideias entre especialistas e profissionais, o Hub Talks vai buscar aprofundar o debate sobre a extrema import\u00e2ncia da preserva\u00e7\u00e3o do patrim\u00f4nio hist\u00f3rico e desenvolvimento sustent\u00e1vel, e o planejamento das cidades e do centro de Porto Alegre.<\/p>\n\n\n\n<p>O head do Plaza HUB, Marcelo Schmidt, expressou seu entusiasmo em rela\u00e7\u00e3o ao encontro. \u201cO Plaza HUB Talks quer cada vez mais ampliar esse assunto junto \u00e0 comunidade. \u00c9 uma oportunidade \u00fanica de reunir pessoas interessadas em discutir e buscar solu\u00e7\u00f5es construtivas para os desafios enfrentados pelo Centro Hist\u00f3rico e pelo planejamento urbano de Porto Alegre&#8221;, adianta Schmidt.<\/p>\n\n\n\n<p>Como forma de incentivar a solidariedade, a entrada para o Plaza HUB Talks ser\u00e1 1kg de alimento n\u00e3o perec\u00edvel. Esses alimentos ser\u00e3o destinados a institui\u00e7\u00f5es de caridade locais, refor\u00e7ando o compromisso do Plaza HUB com a responsabilidade social.<\/p>\n\n\n\n<p><strong>Servi\u00e7o \u2013 Plaza S\u00e3o Rafael<\/strong><\/p>\n\n\n\n<p>HUB Talks &#8211; https:\/\/www.sympla.com.br\/evento\/hub-talks-centro-historico-de-porto-alegre-e-planejamento-urbano\/2039807<\/p>\n\n\n\n<p>20 agosto de 2023, quinta-feira, \u00e0s 18h30<\/p>\n\n\n\n<p>Sugere-se a doa\u00e7\u00e3o de um quilo de alimento n\u00e3o perec\u00edvel<\/p>\n\n\n\n<p>Rua Alberto Bins, 514 &#8211; Centro Hist\u00f3rico, Porto Alegre \u2013 RS, Hotel Plaza S\u00e3o Rafael<\/p>\n","protected":false},"excerpt":{"rendered":"<p>Evento gratuito acontece no dia 20 de julho de 2023 reunindo autoridades, empres\u00e1rios e a comunidade O Centro Hist\u00f3rico e Planejamento Urbano de Porto Alegre entram em debate em mais uma edi\u00e7\u00e3o do HUB Talks. Promovido pelo Plaza HUB, o evento acontece no dia 20 de julho de 2023, quinta-feira, \u00e0s 18h30, no hotel Plaza [&hellip;]<\/p>\n","protected":false},"author":2,"featured_media":1569,"comment_status":"open","ping_status":"open","sticky":true,"template":"","format":"standard","meta":{"footnotes":""},"categories":[1],"tags":[],"_links":{"self":[{"href":"http:\/\/fabianobrasil.com.br\/site\/wp-json\/wp\/v2\/posts\/1566"}],"collection":[{"href":"http:\/\/fabianobrasil.com.br\/site\/wp-json\/wp\/v2\/posts"}],"about":[{"href":"http:\/\/fabianobrasil.com.br\/site\/wp-json\/wp\/v2\/types\/post"}],"author":[{"embeddable":true,"href":"http:\/\/fabianobrasil.com.br\/site\/wp-json\/wp\/v2\/users\/2"}],"replies":[{"embeddable":true,"href":"http:\/\/fabianobrasil.com.br\/site\/wp-json\/wp\/v2\/comments?post=1566"}],"version-history":[{"count":1,"href":"http:\/\/fabianobrasil.com.br\/site\/wp-json\/wp\/v2\/posts\/1566\/revisions"}],"predecessor-version":[{"id":1568,"href":"http:\/\/fabianobrasil.com.br\/site\/wp-json\/wp\/v2\/posts\/1566\/revisions\/1568"}],"wp:featuredmedia":[{"embeddable":true,"href":"http:\/\/fabianobrasil.com.br\/site\/wp-json\/wp\/v2\/media\/1569"}],"wp:attachment":[{"href":"http:\/\/fabianobrasil.com.br\/site\/wp-json\/wp\/v2\/media?parent=1566"}],"wp:term":[{"taxonomy":"category","embeddable":true,"href":"http:\/\/fabianobrasil.com.br\/site\/wp-json\/wp\/v2\/categories?post=1566"},{"taxonomy":"post_tag","embeddable":true,"href":"http:\/\/fabianobrasil.com.br\/site\/wp-json\/wp\/v2\/tags?post=1566"}],"curies":[{"name":"wp","href":"https:\/\/api.w.org\/{rel}","templated":true}]}}