{"id":1552,"date":"2023-07-03T15:04:52","date_gmt":"2023-07-03T18:04:52","guid":{"rendered":"http:\/\/fabianobrasil.com.br\/site\/?p=1552"},"modified":"2023-07-03T15:04:52","modified_gmt":"2023-07-03T18:04:52","slug":"giovani-gafforelli-e-o-novo-reforco-do-poa-streaming-tv","status":"publish","type":"post","link":"http:\/\/fabianobrasil.com.br\/site\/2023\/07\/03\/giovani-gafforelli-e-o-novo-reforco-do-poa-streaming-tv\/","title":{"rendered":"GIOVANI GAFFORELLI \u00c9 O NOVO REFOR\u00c7O DO POA STREAMING TV"},"content":{"rendered":"\n<p><\/p>\n\n\n\n<p>O POA Streaming tem novo apresentador. O jornalista Giovani Gafforelli estreia no pr\u00f3ximo dia 10 na grade de programa\u00e7\u00e3o da emissora: Ser\u00e1 no comando do programa Vozes da Pol\u00edtica que ir\u00e1 ao ar segundas, quartas e sextas-feiras \u00e0s 15h, sempre ao vivo, direto do Est\u00fadio Kia Sun Motors POA Streaming.<\/p>\n\n\n\n<p>Para o presidente do Grupo F. Brasil e da emissora, Fabiano Brasil, trata-se de um refor\u00e7o de peso: \u201c A experi\u00eancia do Gafforelli seja como rep\u00f3rter e apresentador, seja como assessoria em comunica\u00e7\u00e3o na \u00e1rea o credencia para o papel que ele ir\u00e1 exercer em nosso canal. Muito feliz com a chegada deste brilhante colega!\u201d disse Brasil.<\/p>\n\n\n\n<p>\u201cEssa parceria com o Fabiano Brasil vem desde os tempos em que est\u00e1vamos na R\u00e1dio Gua\u00edba. Debater pol\u00edtica nunca foi t\u00e3o importante quanto nos dias atuais e eu fico feliz por poder contribuir com a minha experi\u00eancia em um projeto como este\u201d. Comemora Giovani.<\/p>\n\n\n\n<p>Giovani Gafforelli, 34 anos, formado em Jornalismo pelo IPA, em 2016. Possui mais de uma d\u00e9cada de experi\u00eancia no mercado da Comunica\u00e7\u00e3o. Gafforelli trabalhou com dois governadores (Tarso e Sartori), foi gerente de Comunica\u00e7\u00e3o da C\u00e2mara de NH e secret\u00e1rio adjunto de Comunica\u00e7\u00e3o na Prefeitura de Canoas. Al\u00e9m da experi\u00eancia pol\u00edtica, teve passagens pelas principais r\u00e1dios do RS. Atualmente cursa MBA em Comunica\u00e7\u00e3o Eleitoral e MKT Pol\u00edtico.<\/p>\n\n\n\n<p>O POA Streaming est\u00e1 dispon\u00edvel no Canal 160 da Soul TV para o Brasil e mais 195 pa\u00edses, e ainda nas plataformas digitais.<\/p>\n","protected":false},"excerpt":{"rendered":"<p>O POA Streaming tem novo apresentador. O jornalista Giovani Gafforelli estreia no pr\u00f3ximo dia 10 na grade de programa\u00e7\u00e3o da emissora: Ser\u00e1 no comando do programa Vozes da Pol\u00edtica que ir\u00e1 ao ar segundas, quartas e sextas-feiras \u00e0s 15h, sempre ao vivo, direto do Est\u00fadio Kia Sun Motors POA Streaming. Para o presidente do Grupo [&hellip;]<\/p>\n","protected":false},"author":2,"featured_media":1553,"comment_status":"open","ping_status":"open","sticky":false,"template":"","format":"standard","meta":{"footnotes":""},"categories":[4],"tags":[],"_links":{"self":[{"href":"http:\/\/fabianobrasil.com.br\/site\/wp-json\/wp\/v2\/posts\/1552"}],"collection":[{"href":"http:\/\/fabianobrasil.com.br\/site\/wp-json\/wp\/v2\/posts"}],"about":[{"href":"http:\/\/fabianobrasil.com.br\/site\/wp-json\/wp\/v2\/types\/post"}],"author":[{"embeddable":true,"href":"http:\/\/fabianobrasil.com.br\/site\/wp-json\/wp\/v2\/users\/2"}],"replies":[{"embeddable":true,"href":"http:\/\/fabianobrasil.com.br\/site\/wp-json\/wp\/v2\/comments?post=1552"}],"version-history":[{"count":1,"href":"http:\/\/fabianobrasil.com.br\/site\/wp-json\/wp\/v2\/posts\/1552\/revisions"}],"predecessor-version":[{"id":1554,"href":"http:\/\/fabianobrasil.com.br\/site\/wp-json\/wp\/v2\/posts\/1552\/revisions\/1554"}],"wp:featuredmedia":[{"embeddable":true,"href":"http:\/\/fabianobrasil.com.br\/site\/wp-json\/wp\/v2\/media\/1553"}],"wp:attachment":[{"href":"http:\/\/fabianobrasil.com.br\/site\/wp-json\/wp\/v2\/media?parent=1552"}],"wp:term":[{"taxonomy":"category","embeddable":true,"href":"http:\/\/fabianobrasil.com.br\/site\/wp-json\/wp\/v2\/categories?post=1552"},{"taxonomy":"post_tag","embeddable":true,"href":"http:\/\/fabianobrasil.com.br\/site\/wp-json\/wp\/v2\/tags?post=1552"}],"curies":[{"name":"wp","href":"https:\/\/api.w.org\/{rel}","templated":true}]}}