{"id":1548,"date":"2023-06-26T15:51:58","date_gmt":"2023-06-26T18:51:58","guid":{"rendered":"http:\/\/fabianobrasil.com.br\/site\/?p=1548"},"modified":"2023-06-26T15:51:58","modified_gmt":"2023-06-26T18:51:58","slug":"roberto-pauletti-e-o-novo-reforco-do-esporte-do-poa-streaming","status":"publish","type":"post","link":"http:\/\/fabianobrasil.com.br\/site\/2023\/06\/26\/roberto-pauletti-e-o-novo-reforco-do-esporte-do-poa-streaming\/","title":{"rendered":"ROBERTO PAULETTI \u00c9 O NOVO REFOR\u00c7O DO ESPORTE DO POA STREAMING"},"content":{"rendered":"\n<p>Estreou nesta segunda-feira, 05 de junho de 2023, na programa\u00e7\u00e3o esportiva do POA Streaming, Roberto Pauletti. Ele estar\u00e1 diariamente no programa T\u00e1 no Jogo, que conta com a apresenta\u00e7\u00e3o de Roberto Salatino e com a participa\u00e7\u00e3o de Rog\u00e9rio Amaral e Fabr\u00edcio Neves Correa.<\/p>\n\n\n\n<p>Talento do futebol de sal\u00e3o ga\u00facho das d\u00e9cadas de 1970 e 1980, Pauletti acumula experiencias nas diretorias comerciais de grandes empresas de comunica\u00e7\u00e3o do estado, al\u00e9m de ter participado como debatedor esportivo no Grupo Bandeirantes.<\/p>\n\n\n\n<p>Para Fabiano Brasil, Presidente do Grupo F Brasil, controlador do POA Streaming, trata-se de um refor\u00e7o de peso: \u201cO Pauletti \u00e9 craque em todas as posi\u00e7\u00f5es. Uma honra t\u00ea-lo em nosso time com toda sua experi\u00eancia inclusive comercial. Muito feliz em t\u00ea-lo com a gente!\u201d<\/p>\n\n\n\n<p>O POA Streaming est\u00e1 dispon\u00edvel no Canal 160 da Soul TV para o Brasil e mais 195 pa\u00edses, e em todas as plataformas digitais sempre ao vivo.<\/p>\n","protected":false},"excerpt":{"rendered":"<p>Estreou nesta segunda-feira, 05 de junho de 2023, na programa\u00e7\u00e3o esportiva do POA Streaming, Roberto Pauletti. Ele estar\u00e1 diariamente no programa T\u00e1 no Jogo, que conta com a apresenta\u00e7\u00e3o de Roberto Salatino e com a participa\u00e7\u00e3o de Rog\u00e9rio Amaral e Fabr\u00edcio Neves Correa. Talento do futebol de sal\u00e3o ga\u00facho das d\u00e9cadas de 1970 e 1980, [&hellip;]<\/p>\n","protected":false},"author":2,"featured_media":1549,"comment_status":"open","ping_status":"open","sticky":false,"template":"","format":"standard","meta":{"footnotes":""},"categories":[4],"tags":[],"_links":{"self":[{"href":"http:\/\/fabianobrasil.com.br\/site\/wp-json\/wp\/v2\/posts\/1548"}],"collection":[{"href":"http:\/\/fabianobrasil.com.br\/site\/wp-json\/wp\/v2\/posts"}],"about":[{"href":"http:\/\/fabianobrasil.com.br\/site\/wp-json\/wp\/v2\/types\/post"}],"author":[{"embeddable":true,"href":"http:\/\/fabianobrasil.com.br\/site\/wp-json\/wp\/v2\/users\/2"}],"replies":[{"embeddable":true,"href":"http:\/\/fabianobrasil.com.br\/site\/wp-json\/wp\/v2\/comments?post=1548"}],"version-history":[{"count":1,"href":"http:\/\/fabianobrasil.com.br\/site\/wp-json\/wp\/v2\/posts\/1548\/revisions"}],"predecessor-version":[{"id":1550,"href":"http:\/\/fabianobrasil.com.br\/site\/wp-json\/wp\/v2\/posts\/1548\/revisions\/1550"}],"wp:featuredmedia":[{"embeddable":true,"href":"http:\/\/fabianobrasil.com.br\/site\/wp-json\/wp\/v2\/media\/1549"}],"wp:attachment":[{"href":"http:\/\/fabianobrasil.com.br\/site\/wp-json\/wp\/v2\/media?parent=1548"}],"wp:term":[{"taxonomy":"category","embeddable":true,"href":"http:\/\/fabianobrasil.com.br\/site\/wp-json\/wp\/v2\/categories?post=1548"},{"taxonomy":"post_tag","embeddable":true,"href":"http:\/\/fabianobrasil.com.br\/site\/wp-json\/wp\/v2\/tags?post=1548"}],"curies":[{"name":"wp","href":"https:\/\/api.w.org\/{rel}","templated":true}]}}