{"id":1291,"date":"2023-06-07T22:10:30","date_gmt":"2023-06-08T01:10:30","guid":{"rendered":"http:\/\/fabianobrasil.com.br\/site\/?p=1291"},"modified":"2023-06-07T22:12:40","modified_gmt":"2023-06-08T01:12:40","slug":"terraco-leiteria-inaugura-novo-espaco-de-drinks-e-parrilla-em-porto-alegre","status":"publish","type":"post","link":"http:\/\/fabianobrasil.com.br\/site\/2023\/06\/07\/terraco-leiteria-inaugura-novo-espaco-de-drinks-e-parrilla-em-porto-alegre\/","title":{"rendered":"Terra\u00e7o Leiteria inaugura novo espa\u00e7o de drinks e parrilla em Porto Alegre"},"content":{"rendered":"\n<p><strong><em>Integrado a Leiteria 639 local encanta pela sua variedade gastron\u00f4mica e qualidade no atendimento<\/em><\/strong><\/p>\n\n\n\n<p>Foi inaugurado em Porto Alegre, em junho de 2023, o Terra\u00e7o Leiteria. O local integra a opera\u00e7\u00e3o da Leiteria 639 na unidade Ven\u00e2ncio Aires. O novo espa\u00e7o promete encantar os clientes com sua oferta de drinks, parrilla e outras del\u00edcias gastron\u00f4micas. O Terra\u00e7o Leiteria \u00e9 um exemplo de empreendedorismo dos empres\u00e1rios Tiago Leite e Fernanda Carpenedo. Tiago Leite come\u00e7ou sua jornada com um pequeno neg\u00f3cio de bairro no Cidade Baixa e, atualmente, administra duas opera\u00e7\u00f5es de restaurantes. Na 24 de Outubro e na Ven\u00e2ncio Aires. Agora, com a integra\u00e7\u00e3o do Terra\u00e7o Leiteria, a empresa demonstra sua capacidade de expans\u00e3o e maturidade no mercado gastron\u00f4mico, oportunizando confeitaria, cafeteria, drinkeria, parrilla e restaurante, em ambas as unidades da Leiteria 639.<\/p>\n\n\n\n<p>Com um conceito moderno e aconchegante, o Terra\u00e7o Leiteria une boa culin\u00e1ria e um ambiente descontra\u00eddo. Os clientes poder\u00e3o desfrutar de drinks exclusivos, preparados por bartenders experientes, al\u00e9m de saborear uma deliciosa parrilla. O card\u00e1pio oferece uma variedade de op\u00e7\u00f5es, atendendo a todos os paladares.<\/p>\n\n\n\n<p>A vis\u00e3o empreendedora da equipe da Leiteria 639 \u00e9 evidenciada pelo sucesso nas opera\u00e7\u00f5es, que conquistaram o p\u00fablico e se tornaram refer\u00eancias na capital dos ga\u00fachos. Com a inaugura\u00e7\u00e3o do Terra\u00e7o Leiteria, a empresa projeta um futuro ainda mais promissor e revela planos de abrir novos empreendimentos na gastronomia. \u201cAssim como os outros espa\u00e7os, queremos que o Terra\u00e7o Leiteria fa\u00e7a jus ao nosso slogan. Trabalhando para que as pessoas colecionem momentos. Tudo foi pensado para trazer, em cada detalhe, a nossa paix\u00e3o pela culin\u00e1ria e pelo desenvolvimento da cena gastron\u00f4mica da nossa cidade. Oportunizando um ambiente acolhedor\u201d, avalia Tiago Leite.<\/p>\n\n\n\n<p>Sobre a Leiteria 639<\/p>\n\n\n\n<p>A Leiteria 639 \u00e9 um espa\u00e7o multifuncional em Porto Alegre que re\u00fane cafeteria, confeitaria, drinkeria, parrilla e restaurante com pratos \u00e0 la carte. O local \u00e9 pet friendly. Duas unidades Leiteria 639. Na Rua 24 de Outubro, 1539. E na rua Ven\u00e2ncio Aires 639.<\/p>\n\n\n\n<p>Servi\u00e7o:<\/p>\n\n\n\n<p>Junho de 2023 &#8211; Inaugura\u00e7\u00e3o do Terra\u00e7o Leiteria \u2013 Espa\u00e7o integrado a Leiteria 639 | Ven\u00e2ncio Aires, 639 Porto Alegre | Rio Grande do Sul | Brasil &#8211; Hor\u00e1rio de funcionamento: Ter\u00e7a a s\u00e1bado: das 11h30 \u00e0s 23h30 Domingo: das 11h30 \u00e0s 22h30.<\/p>\n","protected":false},"excerpt":{"rendered":"<p>Integrado a Leiteria 639 local encanta pela sua variedade gastron\u00f4mica e qualidade no atendimento Foi inaugurado em Porto Alegre, em junho de 2023, o Terra\u00e7o Leiteria. O local integra a opera\u00e7\u00e3o da Leiteria 639 na unidade Ven\u00e2ncio Aires. O novo espa\u00e7o promete encantar os clientes com sua oferta de drinks, parrilla e outras del\u00edcias gastron\u00f4micas. [&hellip;]<\/p>\n","protected":false},"author":2,"featured_media":1294,"comment_status":"open","ping_status":"open","sticky":false,"template":"","format":"standard","meta":{"footnotes":""},"categories":[4],"tags":[],"_links":{"self":[{"href":"http:\/\/fabianobrasil.com.br\/site\/wp-json\/wp\/v2\/posts\/1291"}],"collection":[{"href":"http:\/\/fabianobrasil.com.br\/site\/wp-json\/wp\/v2\/posts"}],"about":[{"href":"http:\/\/fabianobrasil.com.br\/site\/wp-json\/wp\/v2\/types\/post"}],"author":[{"embeddable":true,"href":"http:\/\/fabianobrasil.com.br\/site\/wp-json\/wp\/v2\/users\/2"}],"replies":[{"embeddable":true,"href":"http:\/\/fabianobrasil.com.br\/site\/wp-json\/wp\/v2\/comments?post=1291"}],"version-history":[{"count":1,"href":"http:\/\/fabianobrasil.com.br\/site\/wp-json\/wp\/v2\/posts\/1291\/revisions"}],"predecessor-version":[{"id":1293,"href":"http:\/\/fabianobrasil.com.br\/site\/wp-json\/wp\/v2\/posts\/1291\/revisions\/1293"}],"wp:featuredmedia":[{"embeddable":true,"href":"http:\/\/fabianobrasil.com.br\/site\/wp-json\/wp\/v2\/media\/1294"}],"wp:attachment":[{"href":"http:\/\/fabianobrasil.com.br\/site\/wp-json\/wp\/v2\/media?parent=1291"}],"wp:term":[{"taxonomy":"category","embeddable":true,"href":"http:\/\/fabianobrasil.com.br\/site\/wp-json\/wp\/v2\/categories?post=1291"},{"taxonomy":"post_tag","embeddable":true,"href":"http:\/\/fabianobrasil.com.br\/site\/wp-json\/wp\/v2\/tags?post=1291"}],"curies":[{"name":"wp","href":"https:\/\/api.w.org\/{rel}","templated":true}]}}