{"id":1288,"date":"2023-06-07T22:02:14","date_gmt":"2023-06-08T01:02:14","guid":{"rendered":"http:\/\/fabianobrasil.com.br\/site\/?p=1288"},"modified":"2023-06-07T22:02:14","modified_gmt":"2023-06-08T01:02:14","slug":"porto-alegre-se-prepara-para-receber-o-1o-forum-da-felicidade-no-dia-14-de-junho-de-2023","status":"publish","type":"post","link":"http:\/\/fabianobrasil.com.br\/site\/2023\/06\/07\/porto-alegre-se-prepara-para-receber-o-1o-forum-da-felicidade-no-dia-14-de-junho-de-2023\/","title":{"rendered":"Porto Alegre se prepara para receber o 1\u00ba F\u00f3rum da Felicidade no dia 14 de junho de 2023"},"content":{"rendered":"\n<p><strong><em>Evento gratuito traz renomado time de palestrantes e promete explorar o tema de forma inovadora, integrando ci\u00eancia, psicologia e pr\u00e1ticas do dia a dia<\/em><\/strong><\/p>\n\n\n\n<p>Em junho a capital dos ga\u00fachos ser\u00e1 palco do 1\u00ba F\u00f3rum da Felicidade &#8211; Caminho ou Chegada? Um evento gratuito e de conte\u00fado inovador que reunir\u00e1 grandes nomes das mais variadas \u00e1reas para discutir e responder o que \u00e9 felicidade. Apresentando ideias, gerando conte\u00fados, trocas de experi\u00eancias e conhecimentos. A atividade acontece na quarta-feira, dia 14 de junho de 2023, das 13h30min \u00e0s 18h30min, no audit\u00f3rio da Atitus Campus Mont\u2019Serrat, localizado na Dona Laura 1020, em Porto Alegre (RS). O prop\u00f3sito do f\u00f3rum \u00e9 integrar a ci\u00eancia e a psicologia com as pr\u00e1ticas cotidianas. Al\u00e9m disso, trazer insights valiosos para o entendimento do que \u00e9 a felicidade. O evento \u00e9 presencial e as vagas s\u00e3o limitadas, com certificado de participa\u00e7\u00e3o. As inscri\u00e7\u00f5es est\u00e3o abertas e podem ser feitas pelo link <a href=\"https:\/\/www.even3.com.br\/forum-da-felicidade\/\">https:\/\/www.even3.com.br\/forum-da-felicidade\/<\/a>. Mais informa\u00e7\u00f5es pelo Instagram @forumdafelicidade2023.<\/p>\n\n\n\n<p><strong>Reflex\u00f5es sobre o tema Felicidade<\/strong><\/p>\n\n\n\n<p>Mais do que um conceito gen\u00e9rico, a felicidade \u00e9 um agente de gera\u00e7\u00e3o de valor, seja ele humano, social ou econ\u00f4mico. Por isso, cada vez mais, a ci\u00eancia tenta compreender quais os fatores que influenciam esse sentimento que, na sua ess\u00eancia, est\u00e1 conectado a \u00e1reas m\u00faltiplas e interligadas. E pelo seu ineditismo, a proposta do tema Felicidade &#8211; Caminho ou Chegada, o f\u00f3rum ser\u00e1 uma oportunidade de os participantes expandir seus horizontes e adquirir novos conhecimentos, em um ambiente prop\u00edcio para reflex\u00f5es te\u00f3ricas e discuss\u00f5es profundas sobre o tema. O evento, \u00e9 uma realiza\u00e7\u00e3o da MCR\u00b2 Solu\u00e7\u00f5es Empresariais e Evid\u00eancia Press Comunica\u00e7\u00e3o. A curadoria de conte\u00fado e media\u00e7\u00e3o dos paineis ser\u00e1 do jornalista Tulio Milman. O 1\u00ba F\u00f3rum da Felicidade acontecer\u00e1 de forma presencial para que os participantes sejam impactados com as a\u00e7\u00f5es, informa\u00e7\u00f5es e dados dos palestrantes.<\/p>\n\n\n\n<p><strong>C\u00e1psula do Tempo<\/strong><\/p>\n\n\n\n<p>Outro destaque desta primeira edi\u00e7\u00e3o do F\u00f3rum est\u00e1 na C\u00e1psula do Tempo. Nela, os participantes depositar\u00e3o seus conceitos e entendimentos sobre felicidade nos dias de hoje. Daqui h\u00e1 10 anos ela ser\u00e1 aberta e comparada com os novos conceitos do tema. Uma forma de integrar conte\u00fado e conhecimento de hoje para o futuro. Patrocinadora do projeto, a Atitus Educa\u00e7\u00e3o, vai abrigar, nas depend\u00eancias da sede da universidade, em Porto Alegre, a c\u00e1psula. &#8220;Na Atitus buscamos formar pessoas preparadas para que construam jornadas profissionais s\u00f3lidas. E acreditamos que a felicidade e a qualidade de vida, tamb\u00e9m s\u00e3o indicadores do sucesso na carreira. Assim, fazemos quest\u00e3o de apoiar o F\u00f3rum e todos os debates em torno desse tema&#8221;, destaca o vice-presidente de Mercado da Atitus Educa\u00e7\u00e3o, Vin\u00edcius Severo.<\/p>\n\n\n\n<p>Segundo Marcelo Carvalho, Head de Gest\u00e3o Estrat\u00e9gica da Bom Princ\u00edpio Alimentos, ind\u00fastria que igualmente patrocinou F\u00f3rum da Felicidade, o evento est\u00e1 alinhado ao prop\u00f3sito da empresa. \u201c\u00c0 medida que o tema felicidade interage com pessoas, surgem possibilidades para uma trajet\u00f3ria de vida mais saud\u00e1vel e feliz. O F\u00f3rum da Felicidade vai oportunizar acesso a hist\u00f3rias, relatos e estrat\u00e9gias que podem fazer a diferen\u00e7a na vida pessoal e profissional. E esse \u00e9 o prop\u00f3sito da Bom Princ\u00edpio Alimentos atrav\u00e9s da sua linha de produtos. Fazer as pessoas mais felizes e a diferen\u00e7a na vida delas&#8221;, adianta Carvalho.<\/p>\n\n\n\n<p><strong>Confira os Palestrantes do 1\u00ba F\u00f3rum da Felicidade &#8211; Caminho ou Chegada?<\/strong><\/p>\n\n\n\n<p><strong>Programa\u00e7\u00e3o:<\/strong><\/p>\n\n\n\n<p>13h &#8211; Credenciamento<\/p>\n\n\n\n<p>13h30min &#8211; Abertura oficial do evento<\/p>\n\n\n\n<p>13h55min &#8211; Pol\u00edticas P\u00fablicas para a felicidade com Diego Burger<\/p>\n\n\n\n<p>14h20min &#8211; Gastronomia que traz felicidade &#8211; Chef Paulo Machado (*online) com modera\u00e7\u00e3o de Marcelo Carvalho.<\/p>\n\n\n\n<p>14h40min &#8211; Trabalho, carreira e felicidade &#8211; J\u00falia Gon\u00e7alves e Daniela Boucinha<\/p>\n\n\n\n<p>15h05min &#8211; Diversidade e felicidade, com Manoel Soares (*online)<\/p>\n\n\n\n<p>15h25min &#8211; Felicidade com prop\u00f3sito &#8211; Helena Brochado<\/p>\n\n\n\n<p>15h50min &#8211; A Felicidade \u00e9 poss\u00edvel em um mundo ca\u00f3tico e impermanente? com Lama Padma Samten.<\/p>\n\n\n\n<p>16h15min &#8211; Coffee break<\/p>\n\n\n\n<p>16h45min &#8211; A Ci\u00eancia do humor &#8211; Z\u00e9 Victor Castiel<\/p>\n\n\n\n<p>17h10min &#8211; Felicidade e longevidade &#8211; Martin Henkel (*online) com modera\u00e7\u00e3o de Ana Claudia Mattos Piazza<\/p>\n\n\n\n<p>17h30min \u2013 Tecnologia, dados e felicidade &#8211; Momento reflex\u00e3o com v\u00eddeo de Ricardo Cappra.<\/p>\n\n\n\n<p>17h40min &#8211; Minha hist\u00f3ria de vida &#8211; Ricardo Steinmetz Alves<\/p>\n\n\n\n<p>18h &#8211; Sa\u00fade mental, a base da felicidade &#8211; Dr. Nelio Tombini<\/p>\n\n\n\n<p>18h30min \u2013 Encerramento<\/p>\n\n\n\n<p><em>*Palestrantes que ir\u00e3o ingressar on line. Programa\u00e7\u00e3o sujeita a altera\u00e7\u00f5es<\/em><\/p>\n\n\n\n<p>O 1\u00ba F\u00f3rum da Felicidade conta com o patroc\u00ednio da Atitus Educa\u00e7\u00e3o e da Bom Princ\u00edpio Alimentos. E o apoio da Ambientallize, Funline Group e Darqu\u00eaz Gastronomia.<\/p>\n\n\n\n<p><strong>Saiba mais sobre os patrocinadores e apoiadores do evento:<\/strong><\/p>\n\n\n\n<p>Atitus Educa\u00e7\u00e3o<\/p>\n\n\n\n<p>Mais que uma institui\u00e7\u00e3o de ensino superior, a Atitus \u00e9 uma plataforma de educa\u00e7\u00e3o. O objetivo \u00e9 preparar e impulsionar pessoas para o futuro. Atuam com olhar atento ao mercado. Desenvolvem assim, um modelo educacional inovador, flex\u00edvel e focado em resultados. Oferecem um ambiente onde os alunos podem ser criativos e abertos a diferentes maneiras de pensar. Formando profissionais capazes de transformar a realidade em que vivem. Seja por sua coloca\u00e7\u00e3o profissional, seja por sua capacidade empreendedora.<\/p>\n\n\n\n<p>Bom Princ\u00edpio Alimentos<\/p>\n\n\n\n<p>Desde 1996, a Bom Princ\u00edpio Alimentos, com matriz em Tupandi (RS), atua produzindo solu\u00e7\u00f5es em alimentos saborosos direcionados a varejo e food service. A ind\u00fastria produz alimentos de excel\u00eancia, sempre buscando inovar e satisfazer as expectativas dos consumidores. Entre os produtos est\u00e1 a linha de cremes de avel\u00e3, pastas de frutas, al\u00e9m das tradicionais Chimias (doces de frutas cremosos), geleias, doces de corte e de calda, doce de leite, mel, linha festa, fruits and nuts, conservas e recheios. A empresa tamb\u00e9m conta com as marcas Bia Cream e Encosta Ga\u00facha. Informa\u00e7\u00f5es sobre a empresa pelo site <a href=\"http:\/\/www.bomprincipioalimentos.com.br\" target=\"_blank\" rel=\"noreferrer noopener\">www.bomprincipioalimentos.com.br<\/a>. Ou pelas redes sociais @bomprincipioalimentos.<\/p>\n\n\n\n<p>Apoiadores:<\/p>\n\n\n\n<p>Ambientallize<\/p>\n\n\n\n<p>Conta com um acervo de mais de 8 mil pe\u00e7as, uma equipe de projetos multidisciplinar e t\u00e9cnica, para produzir cen\u00e1rios, eventos sociais e corporativos, adaptando estilos e eleg\u00e2ncia. Mais em <a href=\"http:\/\/www.ambientallize.com.br\">www.ambientallize.com.br<\/a><\/p>\n\n\n\n<p>Darqu\u00eaz Eventos<\/p>\n\n\n\n<p>Refer\u00eancia na produ\u00e7\u00e3o de eventos gastron\u00f4micos no RS e em outros estados brasileiros, a Darqu\u00eaz Eventos conta com infraestrutura completa de lou\u00e7as e equipamentos para tornar sua festa ou evento corporativo ainda mais especial com atendimento qualificado e uma variedade de op\u00e7\u00f5es em gastronomia. Mais em <a href=\"http:\/\/www.darquezeventos.com\">www.darquezeventos.com<\/a><\/p>\n\n\n\n<p>Funline Group<\/p>\n\n\n\n<p>Empresa que oferece experiencias completas atrav\u00e9s da personaliza\u00e7\u00e3o e cocria\u00e7\u00e3o de diferentes solu\u00e7\u00f5es inovadoras, para destacar seu evento social ou corporativo no mercado. Mais em <a href=\"http:\/\/www.funline.com.br\">www.funline.com.br<\/a><\/p>\n\n\n\n<p><strong>Servi\u00e7o:<\/strong><\/p>\n\n\n\n<p>1\u00ba F\u00f3rum da Felicidade. Quarta-feira, dia 14 de junho de 2023, das 13h30min \u00e0s 18h30min, no Teatro da Atitus Campus Montserrat, localizado na Dona Laura 1020, em Porto Alegre (RS). O evento \u00e9 gratuito e as vagas s\u00e3o limitadas. Os participantes receber\u00e3o certificado de participa\u00e7\u00e3o. Mais informa\u00e7\u00f5es em @forumdafelicidade2023. As inscri\u00e7\u00f5es est\u00e3o abertas e podem ser feitas pelo link <a href=\"https:\/\/www.even3.com.br\/forum-da-felicidade\/\">https:\/\/www.even3.com.br\/forum-da-felicidade\/<\/a>. Realiza\u00e7\u00e3o: MCR\u00b2 Solu\u00e7\u00f5es Empresariais &amp; Evid\u00eancia Press Comunica\u00e7\u00e3o. Curadoria de conte\u00fado e media\u00e7\u00e3o jornalista Tulio Milman. Patroc\u00ednio Atitus Educa\u00e7\u00e3o e Bom Princ\u00edpio Alimentos. Apoio Ambientallize, FunLine Group e Darqu\u00eaz Gastronomia.<\/p>\n","protected":false},"excerpt":{"rendered":"<p>Evento gratuito traz renomado time de palestrantes e promete explorar o tema de forma inovadora, integrando ci\u00eancia, psicologia e pr\u00e1ticas do dia a dia Em junho a capital dos ga\u00fachos ser\u00e1 palco do 1\u00ba F\u00f3rum da Felicidade &#8211; Caminho ou Chegada? Um evento gratuito e de conte\u00fado inovador que reunir\u00e1 grandes nomes das mais variadas [&hellip;]<\/p>\n","protected":false},"author":2,"featured_media":1289,"comment_status":"open","ping_status":"open","sticky":false,"template":"","format":"standard","meta":{"footnotes":""},"categories":[4],"tags":[],"_links":{"self":[{"href":"http:\/\/fabianobrasil.com.br\/site\/wp-json\/wp\/v2\/posts\/1288"}],"collection":[{"href":"http:\/\/fabianobrasil.com.br\/site\/wp-json\/wp\/v2\/posts"}],"about":[{"href":"http:\/\/fabianobrasil.com.br\/site\/wp-json\/wp\/v2\/types\/post"}],"author":[{"embeddable":true,"href":"http:\/\/fabianobrasil.com.br\/site\/wp-json\/wp\/v2\/users\/2"}],"replies":[{"embeddable":true,"href":"http:\/\/fabianobrasil.com.br\/site\/wp-json\/wp\/v2\/comments?post=1288"}],"version-history":[{"count":1,"href":"http:\/\/fabianobrasil.com.br\/site\/wp-json\/wp\/v2\/posts\/1288\/revisions"}],"predecessor-version":[{"id":1290,"href":"http:\/\/fabianobrasil.com.br\/site\/wp-json\/wp\/v2\/posts\/1288\/revisions\/1290"}],"wp:featuredmedia":[{"embeddable":true,"href":"http:\/\/fabianobrasil.com.br\/site\/wp-json\/wp\/v2\/media\/1289"}],"wp:attachment":[{"href":"http:\/\/fabianobrasil.com.br\/site\/wp-json\/wp\/v2\/media?parent=1288"}],"wp:term":[{"taxonomy":"category","embeddable":true,"href":"http:\/\/fabianobrasil.com.br\/site\/wp-json\/wp\/v2\/categories?post=1288"},{"taxonomy":"post_tag","embeddable":true,"href":"http:\/\/fabianobrasil.com.br\/site\/wp-json\/wp\/v2\/tags?post=1288"}],"curies":[{"name":"wp","href":"https:\/\/api.w.org\/{rel}","templated":true}]}}