{"id":1285,"date":"2023-06-02T17:56:37","date_gmt":"2023-06-02T20:56:37","guid":{"rendered":"http:\/\/fabianobrasil.com.br\/site\/?p=1285"},"modified":"2023-06-02T17:56:37","modified_gmt":"2023-06-02T20:56:37","slug":"mulheres-compartilham-experiencias-transformadoras-na-primeira-edicao-do-aliadas-talk-em-madrid","status":"publish","type":"post","link":"http:\/\/fabianobrasil.com.br\/site\/2023\/06\/02\/mulheres-compartilham-experiencias-transformadoras-na-primeira-edicao-do-aliadas-talk-em-madrid\/","title":{"rendered":"Mulheres compartilham experi\u00eancias transformadoras na primeira Edi\u00e7\u00e3o do Aliadas Talk em Madrid"},"content":{"rendered":"\n<p><strong><em>Galer\u00eda Canalejas na Espanha sedia encontro com empres\u00e1rias brasileiras<\/em><\/strong><\/p>\n\n\n\n<p>Aconteceu no \u00faltimo dia 31 de maio de 2023 em Madrid, a primeira edi\u00e7\u00e3o do projeto Aliadas Talk fora do Brasil. O encontro ocorreu na Galer\u00eda Canalejas, o novo centro comercial de luxo da Espanha, reunindo ic\u00f4nicas marcas em um pr\u00e9dio centen\u00e1rio. O Aliadas Talk edi\u00e7\u00e3o Madrid teve como objetivo, reunir mulheres inspiradoras que compartilharam suas experi\u00eancias profissionais e pessoais, agregando conte\u00fados umas para as outras.&nbsp;A abertura do evento ficou por conta de Ali Klemt, fundadora do projeto Aliadas, com a palestra intitulada Empreender Para Mudar o Mundo. \u201cDiante de todo o sucesso e impacto do Aliadas Talk Edi\u00e7\u00e3o Madrid, \u00e9 inevit\u00e1vel j\u00e1 n\u00e3o pensar no pr\u00f3ximo evento. A troca de conhecimento, a inspira\u00e7\u00e3o e a conex\u00e3o entre mulheres continuam sendo elementos fundamentais para o nosso fortalecimento e o crescimento pessoal e profissional\u201d, avaliou Ali.<\/p>\n\n\n\n<p>Ainda durante o Aliada Talks, a empres\u00e1ria Hellen Telles, apresentou a palestra intitulada &#8220;Eu n\u00e3o pedi para estar nesse lugar\u201d, abordando tamb\u00e9m a relev\u00e2ncia de trabalhar as boas alian\u00e7as e parcerias profissionais. Outra palestrante foi Renata Aron, que trouxe a import\u00e2ncia de olhar para dentro de si e aprender a se comunicar a partir da imagem pessoal.<\/p>\n\n\n\n<p>Outro destaque foi o time conhecido como &#8220;Wakeupers&#8221;, composto por Ari Leiva, Eliane Zanluchi, Jerusa Vieira e Manuela Mesquita. Que compartilharam estrat\u00e9gias e pr\u00e1ticas para alcan\u00e7ar a alta performance por meio do autoconhecimento. A organiza\u00e7\u00e3o do evento, a cargo da 55 Agency, elogiada por sua execu\u00e7\u00e3o e pela escolha do local. Destaca-se tamb\u00e9m a figura de Aline Luhringg, respons\u00e1vel pela concierge do evento. O encerramento do Aliadas Talk edi\u00e7\u00e3o Madrid foi marcado por uma tradicional paella no restaurante St. James.<\/p>\n","protected":false},"excerpt":{"rendered":"<p>Galer\u00eda Canalejas na Espanha sedia encontro com empres\u00e1rias brasileiras Aconteceu no \u00faltimo dia 31 de maio de 2023 em Madrid, a primeira edi\u00e7\u00e3o do projeto Aliadas Talk fora do Brasil. O encontro ocorreu na Galer\u00eda Canalejas, o novo centro comercial de luxo da Espanha, reunindo ic\u00f4nicas marcas em um pr\u00e9dio centen\u00e1rio. O Aliadas Talk edi\u00e7\u00e3o [&hellip;]<\/p>\n","protected":false},"author":2,"featured_media":1286,"comment_status":"open","ping_status":"open","sticky":false,"template":"","format":"standard","meta":{"footnotes":""},"categories":[4],"tags":[],"_links":{"self":[{"href":"http:\/\/fabianobrasil.com.br\/site\/wp-json\/wp\/v2\/posts\/1285"}],"collection":[{"href":"http:\/\/fabianobrasil.com.br\/site\/wp-json\/wp\/v2\/posts"}],"about":[{"href":"http:\/\/fabianobrasil.com.br\/site\/wp-json\/wp\/v2\/types\/post"}],"author":[{"embeddable":true,"href":"http:\/\/fabianobrasil.com.br\/site\/wp-json\/wp\/v2\/users\/2"}],"replies":[{"embeddable":true,"href":"http:\/\/fabianobrasil.com.br\/site\/wp-json\/wp\/v2\/comments?post=1285"}],"version-history":[{"count":1,"href":"http:\/\/fabianobrasil.com.br\/site\/wp-json\/wp\/v2\/posts\/1285\/revisions"}],"predecessor-version":[{"id":1287,"href":"http:\/\/fabianobrasil.com.br\/site\/wp-json\/wp\/v2\/posts\/1285\/revisions\/1287"}],"wp:featuredmedia":[{"embeddable":true,"href":"http:\/\/fabianobrasil.com.br\/site\/wp-json\/wp\/v2\/media\/1286"}],"wp:attachment":[{"href":"http:\/\/fabianobrasil.com.br\/site\/wp-json\/wp\/v2\/media?parent=1285"}],"wp:term":[{"taxonomy":"category","embeddable":true,"href":"http:\/\/fabianobrasil.com.br\/site\/wp-json\/wp\/v2\/categories?post=1285"},{"taxonomy":"post_tag","embeddable":true,"href":"http:\/\/fabianobrasil.com.br\/site\/wp-json\/wp\/v2\/tags?post=1285"}],"curies":[{"name":"wp","href":"https:\/\/api.w.org\/{rel}","templated":true}]}}