{"id":1280,"date":"2023-05-24T10:31:05","date_gmt":"2023-05-24T13:31:05","guid":{"rendered":"http:\/\/fabianobrasil.com.br\/site\/?p=1280"},"modified":"2023-05-24T10:31:05","modified_gmt":"2023-05-24T13:31:05","slug":"3a-corrida-pela-adocao-acontece-neste-sabado-27-05-em-porto-alegre","status":"publish","type":"post","link":"http:\/\/fabianobrasil.com.br\/site\/2023\/05\/24\/3a-corrida-pela-adocao-acontece-neste-sabado-27-05-em-porto-alegre\/","title":{"rendered":"3\u00aa Corrida pela Ado\u00e7\u00e3o acontece neste s\u00e1bado (27\/05) em Porto Alegre"},"content":{"rendered":"\n<h1 class=\"wp-block-heading\"><\/h1>\n\n\n\n<p><strong><em>Evento visa estimular a ado\u00e7\u00e3o de crian\u00e7as e adolescentes institucionalizados<\/em><\/strong><\/p>\n\n\n\n<p>Acontece neste s\u00e1bado, 27 de maio, a 3\u00aa Corrida pela Ado\u00e7\u00e3o, promovida pelo Sesc Reden\u00e7\u00e3o, de Porto Alegre, em parceria com o Minist\u00e9rio P\u00fablico do Rio Grande do Sul e a Associa\u00e7\u00e3o dos Usu\u00e1rios de Inform\u00e1tica e Telecomunica\u00e7\u00f5es do Rio Grande do Sul. O evento esportivo ter\u00e1 percursos de 3km, 5km e 10km e a largada acontece na R\u00f3tula das Cuias (Av. Edvaldo Pereira Paiva, 1503), a partir das 09h.<\/p>\n\n\n\n<p>Al\u00e9m da prova de corrida, haver\u00e1 uma caminhada de 3km e uma corrida kids, com trajetos espec\u00edficos para cada faixa et\u00e1ria. N\u00e3o h\u00e1 mais inscri\u00e7\u00f5es, mas vale o lembrete para os participantes inscritos: a retirada do kit atleta deve ser feita no dia 26\/05, na Loja Decathlon do Shopping Praia de Belas (Av. Praia de Belas, 1181). Os corredores receber\u00e3o uma sacochila, camiseta personalizada e n\u00famero de peito com chip eletr\u00f4nico.<\/p>\n\n\n\n<p>A Corrida pela Ado\u00e7\u00e3o tem como objetivo estimular promover a ado\u00e7\u00e3o de crian\u00e7as e adolescentes institucionalizados, bem como divulgar o apadrinhamento afetivo, a iniciativa de fam\u00edlia acolhedora e as necessidades dos acolhidos em abrigos e casas-lares. Este ano, o evento esportivo tem o patroc\u00ednio do Banrisul, Alegrow, Zaffari, Sicredi e Col\u00e9gio Farroupilha e o apoio do Munic\u00edpio de Porto Alegre, Decathlon, Brigada Militar, PUCRS, Instituto Vict\u00f3ria Nahon, MPT-RS, Hospital M\u00e3e de Deus e Unimed. Mais informa\u00e7\u00f5es podem ser obtidas pelo telefone (51) 3226-0631 ou Whatsapp (51) 99442-7795.<\/p>\n\n\n\n<p>3\u00aa Corrida pela Ado\u00e7\u00e3o<\/p>\n\n\n\n<p>Data: 27\/05 (s\u00e1bado)<br>Largada: A partir das 9h<\/p>\n","protected":false},"excerpt":{"rendered":"<p>Evento visa estimular a ado\u00e7\u00e3o de crian\u00e7as e adolescentes institucionalizados Acontece neste s\u00e1bado, 27 de maio, a 3\u00aa Corrida pela Ado\u00e7\u00e3o, promovida pelo Sesc Reden\u00e7\u00e3o, de Porto Alegre, em parceria com o Minist\u00e9rio P\u00fablico do Rio Grande do Sul e a Associa\u00e7\u00e3o dos Usu\u00e1rios de Inform\u00e1tica e Telecomunica\u00e7\u00f5es do Rio Grande do Sul. O evento [&hellip;]<\/p>\n","protected":false},"author":2,"featured_media":1282,"comment_status":"open","ping_status":"open","sticky":false,"template":"","format":"standard","meta":{"footnotes":""},"categories":[4],"tags":[],"_links":{"self":[{"href":"http:\/\/fabianobrasil.com.br\/site\/wp-json\/wp\/v2\/posts\/1280"}],"collection":[{"href":"http:\/\/fabianobrasil.com.br\/site\/wp-json\/wp\/v2\/posts"}],"about":[{"href":"http:\/\/fabianobrasil.com.br\/site\/wp-json\/wp\/v2\/types\/post"}],"author":[{"embeddable":true,"href":"http:\/\/fabianobrasil.com.br\/site\/wp-json\/wp\/v2\/users\/2"}],"replies":[{"embeddable":true,"href":"http:\/\/fabianobrasil.com.br\/site\/wp-json\/wp\/v2\/comments?post=1280"}],"version-history":[{"count":1,"href":"http:\/\/fabianobrasil.com.br\/site\/wp-json\/wp\/v2\/posts\/1280\/revisions"}],"predecessor-version":[{"id":1283,"href":"http:\/\/fabianobrasil.com.br\/site\/wp-json\/wp\/v2\/posts\/1280\/revisions\/1283"}],"wp:featuredmedia":[{"embeddable":true,"href":"http:\/\/fabianobrasil.com.br\/site\/wp-json\/wp\/v2\/media\/1282"}],"wp:attachment":[{"href":"http:\/\/fabianobrasil.com.br\/site\/wp-json\/wp\/v2\/media?parent=1280"}],"wp:term":[{"taxonomy":"category","embeddable":true,"href":"http:\/\/fabianobrasil.com.br\/site\/wp-json\/wp\/v2\/categories?post=1280"},{"taxonomy":"post_tag","embeddable":true,"href":"http:\/\/fabianobrasil.com.br\/site\/wp-json\/wp\/v2\/tags?post=1280"}],"curies":[{"name":"wp","href":"https:\/\/api.w.org\/{rel}","templated":true}]}}