{"id":1273,"date":"2023-05-16T15:19:18","date_gmt":"2023-05-16T18:19:18","guid":{"rendered":"http:\/\/fabianobrasil.com.br\/site\/?p=1273"},"modified":"2023-05-16T15:19:18","modified_gmt":"2023-05-16T18:19:18","slug":"plaza-hub-conecta-pessoas-e-promove-eventos-culturais-e-corporativos","status":"publish","type":"post","link":"http:\/\/fabianobrasil.com.br\/site\/2023\/05\/16\/plaza-hub-conecta-pessoas-e-promove-eventos-culturais-e-corporativos\/","title":{"rendered":"Plaza Hub conecta pessoas e promove eventos culturais e corporativos"},"content":{"rendered":"\n<p><strong><em>Conhe\u00e7a a programa\u00e7\u00e3o cultural do Plaza Hub em maio de 2023<\/em><\/strong><\/p>\n\n\n\n<p>O Plaza Hub, um espa\u00e7o inovador localizado no centro da cidade junto ao prestigiado hotel Plaza S\u00e3o Rafael, est\u00e1 se tornando um ponto de refer\u00eancia para a cultura e conex\u00f5es em Porto Alegre. Com uma ampla gama de eventos e atividades, o Plaza Hub oferece experi\u00eancias enriquecedoras para todos os visitantes em palestras, shows musicais e muito mais.<\/p>\n\n\n\n<p>No dia 19 de maio de 2023, \u00e0s 19h, o Plaza Hub ser\u00e1 palco de uma palestra transformadora sobre lideran\u00e7a e espiritualidade, ministrada por Beth Barbieri, reconhecida palestrante motivacional, apresentando uma abordagem que combina princ\u00edpios de lideran\u00e7a e espiritualidade. Maria Elisabeth Barbieri \u00e9 ex-Presidente da Federa\u00e7\u00e3o Esp\u00edrita do Rio Grande do Sul e autora de livros sobre Lideran\u00e7a. Trabalha h\u00e1 15 anos em treinamentos para forma\u00e7\u00e3o de lideran\u00e7as no voluntariado do terceiro setor. No evento, Beth conversar\u00e1 sobre a\u00e7\u00f5es de uma lideran\u00e7a capazes de promover o desenvolvimento de viv\u00eancias e conviv\u00eancias saud\u00e1veis no \u00e2mbito profissional e pessoal. O evento \u00e9 gratuito. As inscri\u00e7\u00f5es podem ser feitas atrav\u00e9s do Sympla ou por meio da doa\u00e7\u00e3o de 1kg de alimento n\u00e3o perec\u00edvel. https:\/\/www.sympla.com.br\/evento\/hub-talk-lideranca-e-espiritualidade-com-maria-elizabeth-barbieri\/1963138<\/p>\n\n\n\n<p>Al\u00e9m disso, no dia 27 de maio, \u00e0s 20h, o Plaza Hub apresentar\u00e1 uma noite especial de m\u00fasica com o projeto Plaza Hub Sounds Tributo a Stevie Ray Vaughan e Creedence Clearwater Revival. Os f\u00e3s de blues e rock ter\u00e3o a oportunidade de reviver cl\u00e1ssicos inesquec\u00edveis dessas bandas lend\u00e1rias, interpretadas por m\u00fasicos locais. Os ingressos podem ser adquiridos atrav\u00e9s do Sympla por R$ 50,00 pelo link https:\/\/www.sympla.com.br\/evento\/hub-sounds-so-creedence-e-tex-mex-especial-stevie-ray-vaughan\/1963481<\/p>\n\n\n\n<p>Por meio desses eventos culturais, o Plaza Hub refor\u00e7a seu compromisso em promover mensalmente a cultura, a arte e as conex\u00f5es humanas, num espa\u00e7o que proporciona um ambiente prop\u00edcio para trocas e networking entre os participantes com localiza\u00e7\u00e3o privilegiada junto ao hotel Plaza S\u00e3o Rafael.<\/p>\n\n\n\n<p>Servi\u00e7o: Programa\u00e7\u00e3o Maio Plaza HUB &#8211; Plaza S\u00e3o Rafael. Dias 19 e 27 maio de 2023. Contato pelo Instagram @plazahub ou pelo e-mail plazahub@plazahoteis.com.br WhatsApp 51 98121 1100<\/p>\n","protected":false},"excerpt":{"rendered":"<p>Conhe\u00e7a a programa\u00e7\u00e3o cultural do Plaza Hub em maio de 2023 O Plaza Hub, um espa\u00e7o inovador localizado no centro da cidade junto ao prestigiado hotel Plaza S\u00e3o Rafael, est\u00e1 se tornando um ponto de refer\u00eancia para a cultura e conex\u00f5es em Porto Alegre. Com uma ampla gama de eventos e atividades, o Plaza Hub [&hellip;]<\/p>\n","protected":false},"author":2,"featured_media":1274,"comment_status":"open","ping_status":"open","sticky":false,"template":"","format":"standard","meta":{"footnotes":""},"categories":[4],"tags":[],"_links":{"self":[{"href":"http:\/\/fabianobrasil.com.br\/site\/wp-json\/wp\/v2\/posts\/1273"}],"collection":[{"href":"http:\/\/fabianobrasil.com.br\/site\/wp-json\/wp\/v2\/posts"}],"about":[{"href":"http:\/\/fabianobrasil.com.br\/site\/wp-json\/wp\/v2\/types\/post"}],"author":[{"embeddable":true,"href":"http:\/\/fabianobrasil.com.br\/site\/wp-json\/wp\/v2\/users\/2"}],"replies":[{"embeddable":true,"href":"http:\/\/fabianobrasil.com.br\/site\/wp-json\/wp\/v2\/comments?post=1273"}],"version-history":[{"count":1,"href":"http:\/\/fabianobrasil.com.br\/site\/wp-json\/wp\/v2\/posts\/1273\/revisions"}],"predecessor-version":[{"id":1275,"href":"http:\/\/fabianobrasil.com.br\/site\/wp-json\/wp\/v2\/posts\/1273\/revisions\/1275"}],"wp:featuredmedia":[{"embeddable":true,"href":"http:\/\/fabianobrasil.com.br\/site\/wp-json\/wp\/v2\/media\/1274"}],"wp:attachment":[{"href":"http:\/\/fabianobrasil.com.br\/site\/wp-json\/wp\/v2\/media?parent=1273"}],"wp:term":[{"taxonomy":"category","embeddable":true,"href":"http:\/\/fabianobrasil.com.br\/site\/wp-json\/wp\/v2\/categories?post=1273"},{"taxonomy":"post_tag","embeddable":true,"href":"http:\/\/fabianobrasil.com.br\/site\/wp-json\/wp\/v2\/tags?post=1273"}],"curies":[{"name":"wp","href":"https:\/\/api.w.org\/{rel}","templated":true}]}}