{"id":1269,"date":"2023-05-16T14:34:58","date_gmt":"2023-05-16T17:34:58","guid":{"rendered":"http:\/\/fabianobrasil.com.br\/site\/?p=1269"},"modified":"2023-05-16T14:34:58","modified_gmt":"2023-05-16T17:34:58","slug":"procuradoria-especial-da-mulher-comemora-oito-anos-de-representatividade-e-conquistas","status":"publish","type":"post","link":"http:\/\/fabianobrasil.com.br\/site\/2023\/05\/16\/procuradoria-especial-da-mulher-comemora-oito-anos-de-representatividade-e-conquistas\/","title":{"rendered":"Procuradoria Especial da Mulher comemora oito anos de representatividade e conquistas"},"content":{"rendered":"\n<p><em><strong>Evento reuniu autoridades, imprensa e convidados para um encontro especial no Sal\u00e3o J\u00falio de Castilhos no dia 15 de maio<\/strong><\/em><\/p>\n\n\n\n<p>A Procuradoria Especial da Mulher da Assembleia Legislativa do Estado do Rio Grande do Sul (ALRS) completou oito anos de trabalhos e conquistas em prol dos direitos da mulher no RS. Com sede na assembleia e formada por todas as deputadas estaduais, a Procuradoria promoveu um encontro especial no dia de seu anivers\u00e1rio com autoridades, imprensa e convidados nesta segunda-feira, 15 de maio de 2023, no Sal\u00e3o J\u00falio de Castilhos, na ALRS, em Porto Alegre (RS).<\/p>\n\n\n\n<p>Na ocasi\u00e3o, foi reafirmado o compromisso do \u00f3rg\u00e3o com todas as cidad\u00e3s ga\u00fachas. \u201cQueremos que a sociedade ga\u00facha e, principalmente, as mulheres percebam o qu\u00e3o importante \u00e9 a Procuradoria como um canal de apoio e den\u00fancia\u201d, destaca a Procuradora da Mulher, deputada estadual Patr\u00edcia Alba. O ato tamb\u00e9m simbolizou um convite aos Poderes Legislativos dos munic\u00edpios que ainda n\u00e3o possuem uma Procuradoria Especial da Mulher, dentre os 497 munic\u00edpios ga\u00fachos. O processo \u00e9 simples e permitir\u00e1 que vereadoras contribuam diretamente com a causa, criando a\u00e7\u00f5es concretas e preventivas para promover o acesso \u00e0 informa\u00e7\u00e3o dos direitos e deveres das mulheres na sociedade ga\u00facha.<\/p>\n\n\n\n<p>Canal de den\u00fancia<\/p>\n\n\n\n<p>No atual cen\u00e1rio, em que as mulheres convivem com crescentes e acentuados atos de viol\u00eancia e discrimina\u00e7\u00e3o, a cria\u00e7\u00e3o de um canal e lugar, as ent\u00e3o Procuradorias Municipais, \u00e9 primordial para que elas possam buscar assist\u00eancia e acolhimento, denunciar e se informar sobre sua situa\u00e7\u00e3o. Ao longo dos oito anos, a Procuradoria Especial da Mulher tem se fortalecido como um importante canal de den\u00fancias para as mulheres v\u00edtimas de viol\u00eancia. Hoje, a mulher poder\u00e1 realizar den\u00fancias pelas p\u00e1ginas digitais, telefone ou e-mail. Se preferir, pode registrar sua(s) den\u00fancia(s) presencialmente na sala da Procuradoria.<\/p>\n\n\n\n<p>\u00d3rg\u00e3o institucional da ALRS<\/p>\n\n\n\n<p>A Procuradoria Especial da Mulher \u00e9 um \u00f3rg\u00e3o institucional criado por meio da Resolu\u00e7\u00e3o de Mesa n\u00ba 1.331, de 15 de maio de 2015, com o prop\u00f3sito de zelar pela participa\u00e7\u00e3o mais efetiva de Deputadas nos \u00f3rg\u00e3os p\u00fablicos e nas atividades da ALRS. \u00c0 frente da gest\u00e3o atual est\u00e1 a deputada estadual Patr\u00edcia Alba, que assumiu a pasta em mar\u00e7o deste ano.<\/p>\n\n\n\n<p>De acordo com ela, a Procuradoria tamb\u00e9m fiscaliza e acompanha programas dos governos municipais, estadual e federal, recebe den\u00fancias de discrimina\u00e7\u00e3o e viol\u00eancia contra a mulher, e cooperar com \u00f3rg\u00e3os nacionais e internacionais na promo\u00e7\u00e3o dos direitos delas. &#8220;A Procuradoria est\u00e1 \u00e0 disposi\u00e7\u00e3o para prestar assist\u00eancia a toda e qualquer mulher ga\u00facha&#8221;, afirma a Deputada.<\/p>\n\n\n\n<p>Desde sua funda\u00e7\u00e3o, muitas leis foram sancionadas e promoveram pol\u00edticas p\u00fablicas inclusivas que asseguraram os direitos das mulheres no Rio Grande do Sul. \u201cA proposta de convidar mais mulheres a fazerem a diferen\u00e7a na pol\u00edtica e no Estado, criando uma Procuradoria no seu munic\u00edpio, \u00e9 para garantir maior representatividade e visibilidade ao g\u00eanero. Com isso, fortalecemos a defesa pelos interesses femininos e teremos mais for\u00e7a para implantar novas pol\u00edticas p\u00fablicas que valorizem a equidade, igualdade e bem-estar para todas as ga\u00fachas\u201d, afirma a deputada.<\/p>\n","protected":false},"excerpt":{"rendered":"<p>Evento reuniu autoridades, imprensa e convidados para um encontro especial no Sal\u00e3o J\u00falio de Castilhos no dia 15 de maio A Procuradoria Especial da Mulher da Assembleia Legislativa do Estado do Rio Grande do Sul (ALRS) completou oito anos de trabalhos e conquistas em prol dos direitos da mulher no RS. Com sede na assembleia [&hellip;]<\/p>\n","protected":false},"author":2,"featured_media":1270,"comment_status":"open","ping_status":"open","sticky":false,"template":"","format":"standard","meta":{"footnotes":""},"categories":[4],"tags":[],"_links":{"self":[{"href":"http:\/\/fabianobrasil.com.br\/site\/wp-json\/wp\/v2\/posts\/1269"}],"collection":[{"href":"http:\/\/fabianobrasil.com.br\/site\/wp-json\/wp\/v2\/posts"}],"about":[{"href":"http:\/\/fabianobrasil.com.br\/site\/wp-json\/wp\/v2\/types\/post"}],"author":[{"embeddable":true,"href":"http:\/\/fabianobrasil.com.br\/site\/wp-json\/wp\/v2\/users\/2"}],"replies":[{"embeddable":true,"href":"http:\/\/fabianobrasil.com.br\/site\/wp-json\/wp\/v2\/comments?post=1269"}],"version-history":[{"count":1,"href":"http:\/\/fabianobrasil.com.br\/site\/wp-json\/wp\/v2\/posts\/1269\/revisions"}],"predecessor-version":[{"id":1271,"href":"http:\/\/fabianobrasil.com.br\/site\/wp-json\/wp\/v2\/posts\/1269\/revisions\/1271"}],"wp:featuredmedia":[{"embeddable":true,"href":"http:\/\/fabianobrasil.com.br\/site\/wp-json\/wp\/v2\/media\/1270"}],"wp:attachment":[{"href":"http:\/\/fabianobrasil.com.br\/site\/wp-json\/wp\/v2\/media?parent=1269"}],"wp:term":[{"taxonomy":"category","embeddable":true,"href":"http:\/\/fabianobrasil.com.br\/site\/wp-json\/wp\/v2\/categories?post=1269"},{"taxonomy":"post_tag","embeddable":true,"href":"http:\/\/fabianobrasil.com.br\/site\/wp-json\/wp\/v2\/tags?post=1269"}],"curies":[{"name":"wp","href":"https:\/\/api.w.org\/{rel}","templated":true}]}}