{"id":1260,"date":"2023-05-10T13:07:26","date_gmt":"2023-05-10T16:07:26","guid":{"rendered":"http:\/\/fabianobrasil.com.br\/site\/?p=1260"},"modified":"2023-05-10T13:07:26","modified_gmt":"2023-05-10T16:07:26","slug":"campanha-da-bom-principio-alimentos-incentiva-a-valorizacao-da-figura-materna","status":"publish","type":"post","link":"http:\/\/fabianobrasil.com.br\/site\/2023\/05\/10\/campanha-da-bom-principio-alimentos-incentiva-a-valorizacao-da-figura-materna\/","title":{"rendered":"Campanha da Bom Princ\u00edpio Alimentos incentiva a valoriza\u00e7\u00e3o da figura materna"},"content":{"rendered":"\n<p><strong><em>A promo\u00e7\u00e3o \u2018Fa\u00e7a o cora\u00e7\u00e3o da sua m\u00e3e bater mais forte com Bom Princ\u00edpio\u2019 sorteia 28 batedeiras<\/em><\/strong><\/p>\n\n\n\n<p>Com a proximidade do Dia das M\u00e3es, a Bom Princ\u00edpio Alimentos, lan\u00e7a a campanha \u2018Fa\u00e7a o cora\u00e7\u00e3o da sua m\u00e3e bater mais forte com Bom Princ\u00edpio\u2019. O objetivo \u00e9 sensibilizar o p\u00fablico destacando a figura materna. &#8220;Sabemos que cada m\u00e3e tem sua hist\u00f3ria, personalidade e prefer\u00eancias. A campanha \u2018Fa\u00e7a o cora\u00e7\u00e3o da sua m\u00e3e bater mais forte com Bom Princ\u00edpio\u2019 reflete a preocupa\u00e7\u00e3o da Bom Princ\u00edpio Alimentos em oferecer solu\u00e7\u00f5es criativas e diferenciadas para seus consumidores, al\u00e9m de valorizar a figura materna em sua pluralidade. A empresa acredita que a escolha dos produtos certos pode tornar o Dia das M\u00e3es ainda mais especial e inesquec\u00edvel&#8221;, destaca a supervisora de marketing da Bom Princ\u00edpio Alimentos, Stephane Correa.<\/p>\n\n\n\n<p>Sorteio e Receitas exclusivas<\/p>\n\n\n\n<p>Para participar do sorteio das batedeiras, basta comprar um produto Bom Princ\u00edpio em uma das lojas participantes, cadastrar a nota fiscal no site <a href=\"https:\/\/www.bomprincipioalimentos.com.br\/promo\/\">https:\/\/www.bomprincipioalimentos.com.br\/promo\/<\/a> e concorrer ao pr\u00eamio. O per\u00edodo de participa\u00e7\u00e3o da promo\u00e7\u00e3o ocorre at\u00e9 o dia 10 de maio de 2023 e o resultado do sorteio ser\u00e1 divulgado no dia 15 de maio de 2023, no Instagram @bomprincipioalimentos. A escolha pelo eletrodom\u00e9stico batedeira agregado \u00e0 promo\u00e7\u00e3o se deve pela gera\u00e7\u00e3o de mem\u00f3rias afetivas, com a realiza\u00e7\u00e3o de receitas em fam\u00edlia. Alinhado a isso, a ind\u00fastria tamb\u00e9m disponibiliza gratuitamente um receitu\u00e1rio para o Dia das M\u00e3es. Confira o receitu\u00e1rio em: <a href=\"https:\/\/www.bomprincipioalimentos.com.br\/imgs\/arquivos\/receituario-maes-digital1679491287.pdf\">https:\/\/www.bomprincipioalimentos.com.br\/imgs\/arquivos\/receituario-maes-digital1679491287.pdf<\/a><\/p>\n\n\n\n<p>Sobre a Bom Princ\u00edpio Alimentos<\/p>\n\n\n\n<p>Desde 1996, a Bom Princ\u00edpio Alimentos, com matriz em Tupandi (RS), atua produzindo solu\u00e7\u00f5es em alimentos saborosos direcionados a varejo e food service. A ind\u00fastria produz alimentos de excel\u00eancia, sempre buscando inovar e satisfazer as expectativas dos consumidores. Entre os produtos est\u00e1 a linha de cremes de avel\u00e3, pastas de frutas, al\u00e9m das tradicionais Chimias (doces de frutas cremosos), geleias, doces de corte e de calda, doce de leite, mel, linha festa, fruits and nuts, conservas e recheios. A empresa tamb\u00e9m conta com as marcas Bia Cream e Encosta Ga\u00facha. Informa\u00e7\u00f5es sobre a empresa pelo site <a href=\"http:\/\/www.bomprincipioalimentos.com.br\">www.bomprincipioalimentos.com.br<\/a>. Ou pelas redes sociais @bomprincipioalimentos.<\/p>\n","protected":false},"excerpt":{"rendered":"<p>A promo\u00e7\u00e3o \u2018Fa\u00e7a o cora\u00e7\u00e3o da sua m\u00e3e bater mais forte com Bom Princ\u00edpio\u2019 sorteia 28 batedeiras Com a proximidade do Dia das M\u00e3es, a Bom Princ\u00edpio Alimentos, lan\u00e7a a campanha \u2018Fa\u00e7a o cora\u00e7\u00e3o da sua m\u00e3e bater mais forte com Bom Princ\u00edpio\u2019. O objetivo \u00e9 sensibilizar o p\u00fablico destacando a figura materna. &#8220;Sabemos que [&hellip;]<\/p>\n","protected":false},"author":2,"featured_media":1261,"comment_status":"open","ping_status":"open","sticky":false,"template":"","format":"standard","meta":{"footnotes":""},"categories":[4],"tags":[],"_links":{"self":[{"href":"http:\/\/fabianobrasil.com.br\/site\/wp-json\/wp\/v2\/posts\/1260"}],"collection":[{"href":"http:\/\/fabianobrasil.com.br\/site\/wp-json\/wp\/v2\/posts"}],"about":[{"href":"http:\/\/fabianobrasil.com.br\/site\/wp-json\/wp\/v2\/types\/post"}],"author":[{"embeddable":true,"href":"http:\/\/fabianobrasil.com.br\/site\/wp-json\/wp\/v2\/users\/2"}],"replies":[{"embeddable":true,"href":"http:\/\/fabianobrasil.com.br\/site\/wp-json\/wp\/v2\/comments?post=1260"}],"version-history":[{"count":1,"href":"http:\/\/fabianobrasil.com.br\/site\/wp-json\/wp\/v2\/posts\/1260\/revisions"}],"predecessor-version":[{"id":1262,"href":"http:\/\/fabianobrasil.com.br\/site\/wp-json\/wp\/v2\/posts\/1260\/revisions\/1262"}],"wp:featuredmedia":[{"embeddable":true,"href":"http:\/\/fabianobrasil.com.br\/site\/wp-json\/wp\/v2\/media\/1261"}],"wp:attachment":[{"href":"http:\/\/fabianobrasil.com.br\/site\/wp-json\/wp\/v2\/media?parent=1260"}],"wp:term":[{"taxonomy":"category","embeddable":true,"href":"http:\/\/fabianobrasil.com.br\/site\/wp-json\/wp\/v2\/categories?post=1260"},{"taxonomy":"post_tag","embeddable":true,"href":"http:\/\/fabianobrasil.com.br\/site\/wp-json\/wp\/v2\/tags?post=1260"}],"curies":[{"name":"wp","href":"https:\/\/api.w.org\/{rel}","templated":true}]}}