{"id":1256,"date":"2023-04-16T21:20:59","date_gmt":"2023-04-17T00:20:59","guid":{"rendered":"http:\/\/fabianobrasil.com.br\/site\/?p=1256"},"modified":"2023-04-16T21:20:59","modified_gmt":"2023-04-17T00:20:59","slug":"mdb-mulher-rs-promove-evento-com-foco-na-ampliacao-da-representatividade-feminina-na-politica","status":"publish","type":"post","link":"http:\/\/fabianobrasil.com.br\/site\/2023\/04\/16\/mdb-mulher-rs-promove-evento-com-foco-na-ampliacao-da-representatividade-feminina-na-politica\/","title":{"rendered":"MDB Mulher RS promove evento com foco na amplia\u00e7\u00e3o da representatividade feminina na pol\u00edtica"},"content":{"rendered":"\n<p><strong><em>Liderado pela presidente do MDB Mulher RS Patr\u00edcia Alba, projeto Pol\u00edticas de Maria chega para fortalecer a promo\u00e7\u00e3o e a inclus\u00e3o da diversidade feminina no \u00e2mbito pol\u00edtico<\/em><\/strong><\/p>\n\n\n\n<p>O MDB Mulher RS promoveu neste s\u00e1bado, dia 15 de abril de 2023, o evento Pol\u00edticas de Maria \u2013 Conex\u00e3o que Transforma. O objetivo do encontro \u00e9 ampliar e promover ainda mais a representatividade feminina na pol\u00edtica. As atividades aconteceram na sede da Sociedade Germ\u00e2nia, no Bairro Independ\u00eancia, em Porto Alegre (RS) e contaram com palestras da deputada estadual e presidente do MDB Mulher RS Patr\u00edcia Alba, das promotoras de Justi\u00e7a do MPRS Cinara Vianna Dutra Braga e Carla Carrion Fr\u00f3s e da psic\u00f3loga e palestrante Helena Brochado.<\/p>\n\n\n\n<p>\u201cPol\u00edticas de Maria representa todas n\u00f3s, que buscamos mais inclus\u00e3o, mais respeito, mais empatia, mais diversidade. Por mais Marias na pol\u00edtica. Precisamos ampliar a presen\u00e7a feminina na pol\u00edtica. Isso \u00e9 fundamental para que tenhamos uma sociedade mais justa e igualit\u00e1ria. E o MDB Mulher RS, tem um importante papel nessa discuss\u00e3o&#8221;, destacou a presidente do MDB Mulher, deputada estadual Patr\u00edcia Alba.<\/p>\n\n\n\n<p>A psic\u00f3loga e palestrante Helena Brochado, prop\u00f4s um questionamento. Qual \u00e9 a pol\u00edtica que voc\u00ea quer defender? A atividade foi marcada por uma forte conex\u00e3o do que as mulheres desejam em termos de representatividade feminina na pol\u00edtica e os desafios enfrentados na busca por mais igualdade e justi\u00e7a. As participantes compartilharam suas ideias e se integraram ao debate.<\/p>\n\n\n\n<p>O evento seguiu com a palestra da&nbsp;Promotora da Inf\u00e2ncia e da Juventude&nbsp;do MPRS Cinara Vianna Dutra Braga, que falou sobre pol\u00edticas de ado\u00e7\u00e3o.<strong>&nbsp;<\/strong>\u201cPrecisamos ampliar os debates sobre a ado\u00e7\u00e3o e a forma\u00e7\u00e3o de grupos de apoio s\u00e3o fundamentais\u201d, enfatizou a promotora. Na ocasi\u00e3o, tamb\u00e9m foi apresentada, a&nbsp;3\u00aa Corrida pela Ado\u00e7\u00e3o em 2023, que ocorrer\u00e1 dia 27 de maio de 2023, das 9h \u00e0s 12h, com sa\u00edda na R\u00f3tula das Cuias, em Porto Alegre.<\/p>\n\n\n\n<p>Finalizando os debates do Pol\u00edticas de Maria, a promotora de justi\u00e7a do MPRS Carla Carrion Fr\u00f3s, coordenadora do GEPEVID \/ MPRS &#8211; Grupo Especial de Preven\u00e7\u00e3o \u00e0 Viol\u00eancia Dom\u00e9stica e Familiar abordou a necessidade de se ampliar pol\u00edticas voltadas ao combate \u00e0 viol\u00eancia contra a mulher. Ela apresentou canais de den\u00fancia e falou sobre rede de apoio. \u201c\u00c9 fundamental que todos \u2013 inclusive os homens \u2013 conhe\u00e7am os direitos fundamentais das mulheres e as formas de viol\u00eancia para melhor combater esta pr\u00e1tica. Muitas vezes a mulher n\u00e3o procura ajuda simplesmente porque n\u00e3o sabe onde buscar\u201d, alertou a promotora.<\/p>\n\n\n\n<p>O evento promovido pelo MDB Mulher RS Pol\u00edticas de Maria ter\u00e1 continuidade tamb\u00e9m no interior do Estado.&nbsp;<\/p>\n","protected":false},"excerpt":{"rendered":"<p>Liderado pela presidente do MDB Mulher RS Patr\u00edcia Alba, projeto Pol\u00edticas de Maria chega para fortalecer a promo\u00e7\u00e3o e a inclus\u00e3o da diversidade feminina no \u00e2mbito pol\u00edtico O MDB Mulher RS promoveu neste s\u00e1bado, dia 15 de abril de 2023, o evento Pol\u00edticas de Maria \u2013 Conex\u00e3o que Transforma. O objetivo do encontro \u00e9 ampliar [&hellip;]<\/p>\n","protected":false},"author":2,"featured_media":1257,"comment_status":"open","ping_status":"open","sticky":false,"template":"","format":"standard","meta":{"footnotes":""},"categories":[4],"tags":[],"_links":{"self":[{"href":"http:\/\/fabianobrasil.com.br\/site\/wp-json\/wp\/v2\/posts\/1256"}],"collection":[{"href":"http:\/\/fabianobrasil.com.br\/site\/wp-json\/wp\/v2\/posts"}],"about":[{"href":"http:\/\/fabianobrasil.com.br\/site\/wp-json\/wp\/v2\/types\/post"}],"author":[{"embeddable":true,"href":"http:\/\/fabianobrasil.com.br\/site\/wp-json\/wp\/v2\/users\/2"}],"replies":[{"embeddable":true,"href":"http:\/\/fabianobrasil.com.br\/site\/wp-json\/wp\/v2\/comments?post=1256"}],"version-history":[{"count":1,"href":"http:\/\/fabianobrasil.com.br\/site\/wp-json\/wp\/v2\/posts\/1256\/revisions"}],"predecessor-version":[{"id":1258,"href":"http:\/\/fabianobrasil.com.br\/site\/wp-json\/wp\/v2\/posts\/1256\/revisions\/1258"}],"wp:featuredmedia":[{"embeddable":true,"href":"http:\/\/fabianobrasil.com.br\/site\/wp-json\/wp\/v2\/media\/1257"}],"wp:attachment":[{"href":"http:\/\/fabianobrasil.com.br\/site\/wp-json\/wp\/v2\/media?parent=1256"}],"wp:term":[{"taxonomy":"category","embeddable":true,"href":"http:\/\/fabianobrasil.com.br\/site\/wp-json\/wp\/v2\/categories?post=1256"},{"taxonomy":"post_tag","embeddable":true,"href":"http:\/\/fabianobrasil.com.br\/site\/wp-json\/wp\/v2\/tags?post=1256"}],"curies":[{"name":"wp","href":"https:\/\/api.w.org\/{rel}","templated":true}]}}