{"id":1253,"date":"2023-04-10T10:30:18","date_gmt":"2023-04-10T13:30:18","guid":{"rendered":"http:\/\/fabianobrasil.com.br\/site\/?p=1253"},"modified":"2023-04-10T10:30:18","modified_gmt":"2023-04-10T13:30:18","slug":"ambientallize-recebe-tais-puntel-referencia-internacional-na-cenografia-para-eventos-e-decor","status":"publish","type":"post","link":"http:\/\/fabianobrasil.com.br\/site\/2023\/04\/10\/ambientallize-recebe-tais-puntel-referencia-internacional-na-cenografia-para-eventos-e-decor\/","title":{"rendered":"Ambientallize recebe Ta\u00eds Puntel refer\u00eancia internacional na cenografia para eventos e d\u00e9cor"},"content":{"rendered":"\n<p><strong><em>A\u00e7\u00e3o faz parte das comemora\u00e7\u00f5es dos dez anos de trajet\u00f3ria da empresa no mercado<\/em><\/strong><\/p>\n\n\n\n<p>Uma d\u00e9cada de trabalho e muita magia em cada produ\u00e7\u00e3o j\u00e1 realizada \u00e9 o que resume a trajet\u00f3ria da Ambientallize, locadora de m\u00f3veis e acess\u00f3rios para eventos no Rio Grande do Sul. Em 2023, a empresa comemora seus dez anos de atividades ininterruptas, fortalecendo seu prop\u00f3sito e consolidando a marca no mercado ga\u00facho, indispens\u00e1vel nas ocasi\u00f5es festivas seja para um anivers\u00e1rio, casamento, formatura, ch\u00e1 de beb\u00ea, lan\u00e7amentos e inaugura\u00e7\u00f5es. Para marcar a sua primeira d\u00e9cada, a dire\u00e7\u00e3o resolveu criar um cronograma mensal de atividades, marcando de maneira progressiva as comemora\u00e7\u00f5es do anivers\u00e1rio.&nbsp;A diretora da Ambientallize, Rejane Tavares, convidou a arquiteta paisagista Ta\u00eds Puntel para um encontro especial no dia 12 de abril, quarta-feira, na sede da loja, em Porto Alegre. \u201cCom essa iniciativa, a Ambientallize refor\u00e7a seu compromisso em oferecer solu\u00e7\u00f5es inovadoras para o mercado de eventos e promove a conex\u00e3o entre profissionais e a conscientiza\u00e7\u00e3o sobre pr\u00e1ticas mais respons\u00e1veis para o setor\u201d, adianta Rejane.<\/p>\n\n\n\n<p>Ainda de acordo com a diretora, esse evento \u201ctamb\u00e9m solidifica a forte parceria com a Ta\u00eds Puntel, em um ano t\u00e3o importante \u00e0 empresa, em que as experi\u00eancias e artes novas s\u00e3o fundamentais para intensificar o neg\u00f3cio e as estrat\u00e9gias de diferencia\u00e7\u00e3o com o p\u00fablico\u201d.<\/p>\n\n\n\n<p>Ta\u00eds Puntel \u00e9 considerada uma refer\u00eancia internacional e produz decora\u00e7\u00f5es \u00fanicas. Seus projetos cenogr\u00e1ficos agregam tr\u00eas paix\u00f5es: arquitetura, paisagismo e design floral. \u00c9 entusiasta por criar cen\u00e1rios originais com a plasticidade da natureza, que traduzem a alma e agu\u00e7am os olhares. O encontro ocorre em dois momentos. Durante o dia, a profissional realizar\u00e1 uma experi\u00eancia imersiva com clientes Ambientallize, que j\u00e1 tiveram envolvimento direto com os m\u00f3veis Ta\u00eds Puntel, dispon\u00edvel para loca\u00e7\u00e3o e comercializa\u00e7\u00e3o na loja, incluindo a ambienta\u00e7\u00e3o do showroom da loja. \u00c0 noite, a equipe da Ambientallize e Ta\u00eds Puntel recepcionam a imprensa, cerimonialistas e organizadores de eventos do Rio Grande do Sul para um brinde especial e apresenta\u00e7\u00e3o dos espa\u00e7os criados com as interfer\u00eancias de d\u00e9cor e paisagismo. Na ocasi\u00e3o, ser\u00e3o apresentados os m\u00f3veis contempor\u00e2neos que integram a nova cole\u00e7\u00e3o autoral da convidada.<\/p>\n\n\n\n<p>O preview festivo das comemora\u00e7\u00f5es dos 10 anos da Ambientallize se estende at\u00e9 o dia 13 de setembro de 2023, quando ser\u00e1 realizada uma grande festa que est\u00e1 sendo planejada para diversos p\u00fablicos.<\/p>\n\n\n\n<p><strong>Servi\u00e7o:<\/strong><\/p>\n\n\n\n<p>Ta\u00eds Puntel na Ambientallize. Dia 12 de abril de 2023, quarta-feira.&nbsp;<a href=\"https:\/\/www.google.com\/maps\/search\/Rua+Dona+Margarida,+621-+Bairro+Navegantes+-+Porto+Alegre+%2F+RS?entry=gmail&amp;source=g\">Rua Dona Margarida, 621- Bairro Navegantes &#8211; Porto Alegre \/ RS<\/a>. Evento restrito a convidados.<\/p>\n","protected":false},"excerpt":{"rendered":"<p>A\u00e7\u00e3o faz parte das comemora\u00e7\u00f5es dos dez anos de trajet\u00f3ria da empresa no mercado Uma d\u00e9cada de trabalho e muita magia em cada produ\u00e7\u00e3o j\u00e1 realizada \u00e9 o que resume a trajet\u00f3ria da Ambientallize, locadora de m\u00f3veis e acess\u00f3rios para eventos no Rio Grande do Sul. Em 2023, a empresa comemora seus dez anos de [&hellip;]<\/p>\n","protected":false},"author":2,"featured_media":1254,"comment_status":"open","ping_status":"open","sticky":false,"template":"","format":"standard","meta":{"footnotes":""},"categories":[4],"tags":[],"_links":{"self":[{"href":"http:\/\/fabianobrasil.com.br\/site\/wp-json\/wp\/v2\/posts\/1253"}],"collection":[{"href":"http:\/\/fabianobrasil.com.br\/site\/wp-json\/wp\/v2\/posts"}],"about":[{"href":"http:\/\/fabianobrasil.com.br\/site\/wp-json\/wp\/v2\/types\/post"}],"author":[{"embeddable":true,"href":"http:\/\/fabianobrasil.com.br\/site\/wp-json\/wp\/v2\/users\/2"}],"replies":[{"embeddable":true,"href":"http:\/\/fabianobrasil.com.br\/site\/wp-json\/wp\/v2\/comments?post=1253"}],"version-history":[{"count":1,"href":"http:\/\/fabianobrasil.com.br\/site\/wp-json\/wp\/v2\/posts\/1253\/revisions"}],"predecessor-version":[{"id":1255,"href":"http:\/\/fabianobrasil.com.br\/site\/wp-json\/wp\/v2\/posts\/1253\/revisions\/1255"}],"wp:featuredmedia":[{"embeddable":true,"href":"http:\/\/fabianobrasil.com.br\/site\/wp-json\/wp\/v2\/media\/1254"}],"wp:attachment":[{"href":"http:\/\/fabianobrasil.com.br\/site\/wp-json\/wp\/v2\/media?parent=1253"}],"wp:term":[{"taxonomy":"category","embeddable":true,"href":"http:\/\/fabianobrasil.com.br\/site\/wp-json\/wp\/v2\/categories?post=1253"},{"taxonomy":"post_tag","embeddable":true,"href":"http:\/\/fabianobrasil.com.br\/site\/wp-json\/wp\/v2\/tags?post=1253"}],"curies":[{"name":"wp","href":"https:\/\/api.w.org\/{rel}","templated":true}]}}