{"id":1249,"date":"2023-04-03T10:15:31","date_gmt":"2023-04-03T13:15:31","guid":{"rendered":"http:\/\/fabianobrasil.com.br\/site\/?p=1249"},"modified":"2023-04-03T10:15:31","modified_gmt":"2023-04-03T13:15:31","slug":"darquez-eventos-e-apoiadora-do-granfondo-gramado-2023","status":"publish","type":"post","link":"http:\/\/fabianobrasil.com.br\/site\/2023\/04\/03\/darquez-eventos-e-apoiadora-do-granfondo-gramado-2023\/","title":{"rendered":"Darqu\u00eaz Eventos \u00e9 apoiadora do GranFondo Gramado 2023"},"content":{"rendered":"\n<p><strong><em>Empresa assinou o coquetel de lan\u00e7amento da etapa do circuito brasileiro de ciclismo no Rio Grande do Sul<\/em><\/strong><\/p>\n\n\n\n<p>Darqu\u00eaz Eventos, especializada na produ\u00e7\u00e3o de eventos gastron\u00f4micos no RS e em outros estados brasileiros, \u00e9 a mais nova apoiadora do GranFondo Gramado&nbsp; &#8211; GF Gramado 2023. A solenidade de lan\u00e7amento da etapa brasileira no Rio Grande do Sul ocorreu no final de mar\u00e7o, no espa\u00e7o ZZIE, no Centro de Gramado (RS). Na ocasi\u00e3o, a Darqu\u00eaz Eventos assinou o coquetel de apresenta\u00e7\u00e3o que reuniu autoridades, patrocinadores, esportistas, celebridades, imprensa e formadores de opini\u00e3o.<\/p>\n\n\n\n<p>O GranFondo Brasil \u00e9 um grande evento esportivo com provas que re\u00fanem grandes ciclistas brasileiros e a etapa do GF Gramado ocorrer\u00e1 em 17 de setembro de 2023, com estrutura em formato de Villa GF Gramado. Marcas renomadas, apoiadores e patrocinadores prestigiar\u00e3o o evento que tem estimativa de p\u00fablico de&nbsp;mais de 800&nbsp;pessoas.<\/p>\n\n\n\n<p>Sobre a Darqu\u00eaz Eventos<\/p>\n\n\n\n<p>Empresa especializada na produ\u00e7\u00e3o de eventos gastron\u00f4micos no RS e em outros estados brasileiros, a Darqu\u00eaz Eventos conta com infraestrutura completa de lou\u00e7as e equipamentos para tornar sua festa ainda mais especial com atendimento qualificado em casas de festas, clubes e at\u00e9 mesmo, na casa do pr\u00f3prio cliente. Conta com uma equipe experiente para atender as demandas mais variadas como casamentos, 15 anos, formaturas, recep\u00e7\u00f5es e eventos corporativos.<\/p>\n\n\n\n<p>Entre os principais servi\u00e7os da Darqu\u00eaz Eventos, est\u00e3o os empratados, buffet, minipor\u00e7\u00f5es, coffee break, brunchs, coquet\u00e9is, batizados e ch\u00e1 de panela. Al\u00e9m disso, conta com um vasto card\u00e1pio de bebidas e drinques que ir\u00e3o harmonizar suas escolhas e estilos. Tudo com um vi\u00e9s de personaliza\u00e7\u00e3o e muito protagonismo.<\/p>\n\n\n\n<p>Para saber mais do trabalho e or\u00e7amentos em:<\/p>\n\n\n\n<p><a href=\"http:\/\/www.darquezeventos.com\">www.darquezeventos.com<\/a><\/p>\n\n\n\n<p>e-mail: <a href=\"mailto:atendimento@darquezeventos.com.br\">atendimento@darquezeventos.com.br<\/a><\/p>\n\n\n\n<p>fone (51) 99504-3020<\/p>\n\n\n\n<p>Intagram @darquez.eventos<\/p>\n\n\n\n<p><a href=\"https:\/\/www.facebook.com\/DarquezEventosPOA\/\">https:\/\/www.facebook.com\/DarquezEventosPOA\/<\/a><\/p>\n","protected":false},"excerpt":{"rendered":"<p>Empresa assinou o coquetel de lan\u00e7amento da etapa do circuito brasileiro de ciclismo no Rio Grande do Sul Darqu\u00eaz Eventos, especializada na produ\u00e7\u00e3o de eventos gastron\u00f4micos no RS e em outros estados brasileiros, \u00e9 a mais nova apoiadora do GranFondo Gramado&nbsp; &#8211; GF Gramado 2023. A solenidade de lan\u00e7amento da etapa brasileira no Rio Grande [&hellip;]<\/p>\n","protected":false},"author":2,"featured_media":1250,"comment_status":"open","ping_status":"open","sticky":false,"template":"","format":"standard","meta":{"footnotes":""},"categories":[4],"tags":[],"_links":{"self":[{"href":"http:\/\/fabianobrasil.com.br\/site\/wp-json\/wp\/v2\/posts\/1249"}],"collection":[{"href":"http:\/\/fabianobrasil.com.br\/site\/wp-json\/wp\/v2\/posts"}],"about":[{"href":"http:\/\/fabianobrasil.com.br\/site\/wp-json\/wp\/v2\/types\/post"}],"author":[{"embeddable":true,"href":"http:\/\/fabianobrasil.com.br\/site\/wp-json\/wp\/v2\/users\/2"}],"replies":[{"embeddable":true,"href":"http:\/\/fabianobrasil.com.br\/site\/wp-json\/wp\/v2\/comments?post=1249"}],"version-history":[{"count":1,"href":"http:\/\/fabianobrasil.com.br\/site\/wp-json\/wp\/v2\/posts\/1249\/revisions"}],"predecessor-version":[{"id":1251,"href":"http:\/\/fabianobrasil.com.br\/site\/wp-json\/wp\/v2\/posts\/1249\/revisions\/1251"}],"wp:featuredmedia":[{"embeddable":true,"href":"http:\/\/fabianobrasil.com.br\/site\/wp-json\/wp\/v2\/media\/1250"}],"wp:attachment":[{"href":"http:\/\/fabianobrasil.com.br\/site\/wp-json\/wp\/v2\/media?parent=1249"}],"wp:term":[{"taxonomy":"category","embeddable":true,"href":"http:\/\/fabianobrasil.com.br\/site\/wp-json\/wp\/v2\/categories?post=1249"},{"taxonomy":"post_tag","embeddable":true,"href":"http:\/\/fabianobrasil.com.br\/site\/wp-json\/wp\/v2\/tags?post=1249"}],"curies":[{"name":"wp","href":"https:\/\/api.w.org\/{rel}","templated":true}]}}