{"id":1246,"date":"2023-04-03T10:10:46","date_gmt":"2023-04-03T13:10:46","guid":{"rendered":"http:\/\/fabianobrasil.com.br\/site\/?p=1246"},"modified":"2023-04-03T10:10:46","modified_gmt":"2023-04-03T13:10:46","slug":"prestes-a-completar-dois-anos-poa-streaming-estreia-6-novos-programas-e-firma-parceria-com-emissora-de-gramado","status":"publish","type":"post","link":"http:\/\/fabianobrasil.com.br\/site\/2023\/04\/03\/prestes-a-completar-dois-anos-poa-streaming-estreia-6-novos-programas-e-firma-parceria-com-emissora-de-gramado\/","title":{"rendered":"Prestes a completar dois anos, POA Streaming estreia 6 novos programas e firma parceria com emissora de Gramado"},"content":{"rendered":"\n<p>O canal POA Streaming, emissora de comunica\u00e7\u00e3o online da Capital, estreia seis novos programas no m\u00eas de anivers\u00e1rio de dois anos. A emissora completa dois anos no ar no dia 12 de abril. Um evento para convidados ser\u00e1 realizado no dia 17 do mesmo m\u00eas no Lounge Sun Motors.<\/p>\n\n\n\n<p>As novidades contam com 5 programas semanais e um di\u00e1rio, este marcando a volta do jornalista C\u00e1ssio Peres a empresa. Ele ir\u00e1 apresentar de segunda a sexta, o Conex\u00e3o POA, atra\u00e7\u00e3o voltada para pautas pol\u00edticas. O programa estar\u00e1 no ar sempre \u00e0s 13h, com exce\u00e7\u00e3o da quarta-feira, quando entrar\u00e1 \u00e0s 14h. Cassio ainda apresentar\u00e1 duas vezes por semana o \u2018Respira e vai!\u201d programa voltado a comunica\u00e7\u00e3o e posicionamento p\u00fablico. As estreias acontecem no dia 3.<\/p>\n\n\n\n<p>Nesta segunda, dia 27, 20 horas, estreia um programa que mistura direito, gastronomia e vinhos. O nome da atra\u00e7\u00e3o foi escolhido em enquetes pelas redes sociais e o nome vencedor ser\u00e1 anunciado ao vivo na edi\u00e7\u00e3o n\u00famero 1. Os nomes finalistas foram\u2019Beber Direito\u2019, \u2018Sabores jur\u00eddicos\u2019 e Law &amp; Wine. A apresenta\u00e7\u00e3o ser\u00e1 da dupla Dra. Alexandra Buglione, advogada, e da tamb\u00e9m advogada e sommelier, Dra. Daniela Krummenauer.<\/p>\n\n\n\n<p>No dia 5, quarta-feira, 13h, estreia o \u2018Elas em foco\u2019 voltado ao segmento de fotografia e eventos, ser\u00e1 apresentado pela fot\u00f3grafa Anna Alves.<\/p>\n\n\n\n<p>Tamb\u00e9m nas quartas-feiras, \u00e0s 19h, estreia o programa Alternativo. Com apresenta\u00e7\u00e3o de Giancarlo Frc e Barbara Wolf, a atra\u00e7\u00e3o ir\u00e1 dedicar-se a falar de m\u00fasica, shows e eventos.<\/p>\n\n\n\n<p>Por fim, a estreia do RS Educa\u00e7\u00e3o ocorrer\u00e1 durante o m\u00eas de anivers\u00e1rio com a apresenta\u00e7\u00e3o do Presidente da Fenepe e ex-presidente do Sinepe, Professor Bruno Eizerik e promete falar muito sobre os metodos educacionais, solu\u00e7\u00f5es e din\u00e2micas que envolvem a Educa\u00e7\u00e3o no estado do Rio Grande do Sul.<\/p>\n\n\n\n<p>Para Fabiano Brasil, presidente do Grupo F. Brasil, controlador do POA Streaming, as novas atra\u00e7\u00f5es s\u00e3o presentes aos espectadores: \u201cA comunica\u00e7\u00e3o \u00e9 din\u00e2mica. Comemoramos dois anos no ar lan\u00e7ando novos profissionais no mercado em todos os setores, apresentadores, t\u00e9cnicos e operadores, e n\u00e3o paramos. Chegou a hora de incorporar novas atra\u00e7\u00f5es, \u2018velhos\u2019 e novos profissionais ao nosso elenco e programa\u00e7\u00e3o. Muito feliz e cheio de expectativas para as estreias!\u201d<\/p>\n\n\n\n<p>Para Ta\u00edsa Salvi, diretora do POA Streaming as novas atra\u00e7\u00f5es preenchem lacunas da programa\u00e7\u00e3o: \u201cEstamos procurando preencher as lacunas de alguns segmentos que ainda faltam em nossa programa\u00e7\u00e3o e estas entradas j\u00e1 chegam prometendo um conte\u00fado de muita qualidade a nossa emissora!\u201d afirmou Ta\u00edsa.<\/p>\n\n\n\n<p>O POA Streaming est\u00e1 dispon\u00edvel em todas as plataformas digitais de forma simult\u00e2nea todos os dias 24h por dia e ainda poss\u00edvel ser acessado atrav\u00e9s das Smartv\u2019s pelo atalho do canal no YouTube e em breve, pela Soul TV.<\/p>\n\n\n\n<p><strong>Parceria com a TV Gramado<\/strong><\/p>\n\n\n\n<p>O presidente do Grupo F. Brasil, Fabiano Brasil, controlador do POA Streaming e Miron Neto, Diretor geral da Gramado TV conclu\u00edram uma nova parceria entre as emissoras no final da manh\u00e3 desta ter\u00e7a-feira, 28.<\/p>\n\n\n\n<p>A parceria envolve a veicula\u00e7\u00e3o de mat\u00e9rias das emissoras em suas programa\u00e7\u00f5es, bem como, a utiliza\u00e7\u00e3o das estruturas f\u00edsicas de ambas em Porto Alegre e Gramado.<\/p>\n\n\n\n<p>Para Fabiano Brasil, a parceria \u00e9 algo que s\u00f3 engrandece a produ\u00e7\u00e3o local: \u201cMuito satisfeito com a parceria que ir\u00e1 trazer ainda mais de Gramado, segundo destino mais procurado no Brasil, para dentro da Capital atrav\u00e9s das plataformas do POA Streaming, para os porto-alegrenses.<\/p>\n\n\n\n<p>Ser\u00e3o inseridas diariamente conte\u00fados direto da Gramado TV para o Programa do Brasil, veiculado no canal de POA.<\/p>\n\n\n\n<p>A Gramado TV \u00e9 um canal criado pelo jornalista Miron Neto e pelo diretor de imagens Eduardo Lopes. O carro-chefe da programa\u00e7\u00e3o \u00e9 o telejornal Gramado Not\u00edcias, que vai ao ar diariamente \u00e0s 19h30min, retransmitido pela Bah! TV, no canal 520 da NET.<\/p>\n\n\n\n<p>Sobre a parceria com a POA Streaming, o jornalista Miron Neto diz que \u00e9 uma oportunidade para ampliar o alcance das mat\u00e9rias criadas diariamente. &#8220;Gramado gera uma curiosidade natural dos ga\u00fachos pelos atrativos tur\u00edsticos, e com a Poa Streaming mais pessoas ter\u00e3o acesso a informa\u00e7\u00f5es com uma vis\u00e3o diferenciada, produzidas por profissionais locais&#8221;, afirma Miron. Ele destaca, ainda, a import\u00e2ncia da uni\u00e3o dos produtores de conte\u00fados para o fortalecimento de um mercado com grande potencial de crescimento: &#8220;o jornalismo de qualidade&#8221;.<\/p>\n","protected":false},"excerpt":{"rendered":"<p>O canal POA Streaming, emissora de comunica\u00e7\u00e3o online da Capital, estreia seis novos programas no m\u00eas de anivers\u00e1rio de dois anos. A emissora completa dois anos no ar no dia 12 de abril. Um evento para convidados ser\u00e1 realizado no dia 17 do mesmo m\u00eas no Lounge Sun Motors. As novidades contam com 5 programas [&hellip;]<\/p>\n","protected":false},"author":2,"featured_media":1247,"comment_status":"open","ping_status":"open","sticky":false,"template":"","format":"standard","meta":{"footnotes":""},"categories":[4],"tags":[],"_links":{"self":[{"href":"http:\/\/fabianobrasil.com.br\/site\/wp-json\/wp\/v2\/posts\/1246"}],"collection":[{"href":"http:\/\/fabianobrasil.com.br\/site\/wp-json\/wp\/v2\/posts"}],"about":[{"href":"http:\/\/fabianobrasil.com.br\/site\/wp-json\/wp\/v2\/types\/post"}],"author":[{"embeddable":true,"href":"http:\/\/fabianobrasil.com.br\/site\/wp-json\/wp\/v2\/users\/2"}],"replies":[{"embeddable":true,"href":"http:\/\/fabianobrasil.com.br\/site\/wp-json\/wp\/v2\/comments?post=1246"}],"version-history":[{"count":1,"href":"http:\/\/fabianobrasil.com.br\/site\/wp-json\/wp\/v2\/posts\/1246\/revisions"}],"predecessor-version":[{"id":1248,"href":"http:\/\/fabianobrasil.com.br\/site\/wp-json\/wp\/v2\/posts\/1246\/revisions\/1248"}],"wp:featuredmedia":[{"embeddable":true,"href":"http:\/\/fabianobrasil.com.br\/site\/wp-json\/wp\/v2\/media\/1247"}],"wp:attachment":[{"href":"http:\/\/fabianobrasil.com.br\/site\/wp-json\/wp\/v2\/media?parent=1246"}],"wp:term":[{"taxonomy":"category","embeddable":true,"href":"http:\/\/fabianobrasil.com.br\/site\/wp-json\/wp\/v2\/categories?post=1246"},{"taxonomy":"post_tag","embeddable":true,"href":"http:\/\/fabianobrasil.com.br\/site\/wp-json\/wp\/v2\/tags?post=1246"}],"curies":[{"name":"wp","href":"https:\/\/api.w.org\/{rel}","templated":true}]}}