{"id":1242,"date":"2023-03-24T17:10:17","date_gmt":"2023-03-24T20:10:17","guid":{"rendered":"http:\/\/fabianobrasil.com.br\/site\/?p=1242"},"modified":"2023-03-24T17:10:17","modified_gmt":"2023-03-24T20:10:17","slug":"clube-aliadas-ganha-lancamento-em-porto-alegre","status":"publish","type":"post","link":"http:\/\/fabianobrasil.com.br\/site\/2023\/03\/24\/clube-aliadas-ganha-lancamento-em-porto-alegre\/","title":{"rendered":"<strong>Clube Aliadas ganha lan\u00e7amento em Porto Alegre<\/strong>"},"content":{"rendered":"\n<p><strong><em>Liderado por Ali Klemt e Luiza Fontanella Clube Aliadas reunir\u00e1 grupo de associadas de diversas \u00e1reas com potencial de comunicar para o mundo seus talentos e conte\u00fados<\/em><\/strong><\/p>\n\n\n\n<p>Com base no formato das tradicionais fraternidades americanas, ser\u00e1 lan\u00e7ado em Porto Alegre (RS), na quinta-feira dia 30 de mar\u00e7o de 2023, o Clube Aliadas. O objetivo da atividade \u00e9 ampliar ainda mais o v\u00ednculo entre as mulheres, impulsionando umas \u00e0s outras no mercado, integrando \u00e0 comunidade. \u00c0 frente do Clube Aliadas est\u00e1 Ali Klemt, apresentadora e comunicadora e Luiza Fontanella, doutora em design e especialista em criatividade. &nbsp;<\/p>\n\n\n\n<p>O Clube Aliadas&nbsp;chega para consolidar um grupo forte de mulheres que realmente desejam mostrar o seu trabalho, criar autoridade \u00e0 sua marca e ampliar a rede de contatos, fazendo a diferen\u00e7a. Numa grande vitrine de influ\u00eancia e dinamismo. Mediante a assinatura do Clube, as participantes ganham uma s\u00e9rie de a\u00e7\u00f5es e benef\u00edcios. Marcas e empresas tamb\u00e9m t\u00eam a possibilidade de participar e conectar-se ao Clube.<\/p>\n\n\n\n<p>Ali Klemt \u00e9 a apresentadora do programa televisivo Aliadas e vai manter o mesmo nome no clube. \u201cEsse projeto tem uma forte conex\u00e3o com a palavra irmandade. Trata-se de uma a\u00e7\u00e3o intimamente ligada com sinergia e prop\u00f3sito. Essa iniciativa chega a partir da evolu\u00e7\u00e3o do Aliadas, \u00fanico programa feminino da TV aberta do Estado. Percebemos uma enorme gama de mulheres muit\u00edssimo qualificadas e com potencial profissional incr\u00edvel. E que merecem ganhar melhor amplitude em todos os sentidos. H\u00e1 muito trabalho a se fazer e um terreno enorme a se conquistar. E o Clube Aliadas vem justamente ao encontro desse ideal de irmandade. De auxiliar umas \u00e0s outras, ganhando maior visibilidade, capacita\u00e7\u00e3o, com foco no brilhar, iluminar, conectar, fazer acontecer\u201d, define Ali. &nbsp;<\/p>\n\n\n\n<p>S\u00f3cia no projeto, Luiza Fontanella, doutora em design e especialista em criatividade, ir\u00e1 contribuir no Clube Aliadas com seu conhecimento na \u00e1rea para estimular o desenvolvimento estrat\u00e9gico das integrantes, bem como dos potenciais neg\u00f3cios gerados a partir do clube. \u201cO mundo de hoje nos abre enormes oportunidades. E ter plena consci\u00eancia da sua identidade e de seu posicionamento \u00e9 essencial\u201d, diz. Mais informa\u00e7\u00f5es sobre Clube Aliadas pelo Instagram @aliadascomaliklemt e @clubealiadas<\/p>\n\n\n\n<p><strong>Servi\u00e7o:<\/strong><\/p>\n\n\n\n<p>Lan\u00e7amento do Clube Aliadas<\/p>\n\n\n\n<p>Dia 30 de mar\u00e7o de 2023, quinta-feira. Das 18h \u00e0s 21h<\/p>\n\n\n\n<p>Griffe P\u00e2tisserie no Espa\u00e7o Astir &#8211;&nbsp;<a href=\"https:\/\/www.google.com\/maps\/search\/Av.+Independ%C3%AAncia,+1053,+Porto+Alegre+%2F+RS?entry=gmail&amp;source=g\">Av. Independ\u00eancia, 1053, Porto Alegre \/ RS<\/a><\/p>\n","protected":false},"excerpt":{"rendered":"<p>Liderado por Ali Klemt e Luiza Fontanella Clube Aliadas reunir\u00e1 grupo de associadas de diversas \u00e1reas com potencial de comunicar para o mundo seus talentos e conte\u00fados Com base no formato das tradicionais fraternidades americanas, ser\u00e1 lan\u00e7ado em Porto Alegre (RS), na quinta-feira dia 30 de mar\u00e7o de 2023, o Clube Aliadas. O objetivo da [&hellip;]<\/p>\n","protected":false},"author":2,"featured_media":1243,"comment_status":"open","ping_status":"open","sticky":false,"template":"","format":"standard","meta":{"footnotes":""},"categories":[4],"tags":[],"_links":{"self":[{"href":"http:\/\/fabianobrasil.com.br\/site\/wp-json\/wp\/v2\/posts\/1242"}],"collection":[{"href":"http:\/\/fabianobrasil.com.br\/site\/wp-json\/wp\/v2\/posts"}],"about":[{"href":"http:\/\/fabianobrasil.com.br\/site\/wp-json\/wp\/v2\/types\/post"}],"author":[{"embeddable":true,"href":"http:\/\/fabianobrasil.com.br\/site\/wp-json\/wp\/v2\/users\/2"}],"replies":[{"embeddable":true,"href":"http:\/\/fabianobrasil.com.br\/site\/wp-json\/wp\/v2\/comments?post=1242"}],"version-history":[{"count":1,"href":"http:\/\/fabianobrasil.com.br\/site\/wp-json\/wp\/v2\/posts\/1242\/revisions"}],"predecessor-version":[{"id":1244,"href":"http:\/\/fabianobrasil.com.br\/site\/wp-json\/wp\/v2\/posts\/1242\/revisions\/1244"}],"wp:featuredmedia":[{"embeddable":true,"href":"http:\/\/fabianobrasil.com.br\/site\/wp-json\/wp\/v2\/media\/1243"}],"wp:attachment":[{"href":"http:\/\/fabianobrasil.com.br\/site\/wp-json\/wp\/v2\/media?parent=1242"}],"wp:term":[{"taxonomy":"category","embeddable":true,"href":"http:\/\/fabianobrasil.com.br\/site\/wp-json\/wp\/v2\/categories?post=1242"},{"taxonomy":"post_tag","embeddable":true,"href":"http:\/\/fabianobrasil.com.br\/site\/wp-json\/wp\/v2\/tags?post=1242"}],"curies":[{"name":"wp","href":"https:\/\/api.w.org\/{rel}","templated":true}]}}