{"id":1221,"date":"2023-02-07T11:30:33","date_gmt":"2023-02-07T14:30:33","guid":{"rendered":"http:\/\/fabianobrasil.com.br\/site\/?p=1221"},"modified":"2023-02-07T11:30:33","modified_gmt":"2023-02-07T14:30:33","slug":"antecipacao-da-folia-com-o-exxquenta-diver","status":"publish","type":"post","link":"http:\/\/fabianobrasil.com.br\/site\/2023\/02\/07\/antecipacao-da-folia-com-o-exxquenta-diver\/","title":{"rendered":"<strong>Antecipa\u00e7\u00e3o da folia com o Exxquenta Diver\u00a0<\/strong>"},"content":{"rendered":"\n<p><strong><em>Festa de pr\u00e9-carnaval acontece dia 14 de fevereiro de 2023 em Porto Alegre\u00a0<\/em><\/strong><\/p>\n\n\n\n<p>Aproveitar uma noite de pr\u00e9-carnaval \u00e9 uma \u00f3tima forma de celebrar a chegada da festa mais animada do ano. Nesse ritmo, o Diver Resto Party Bar, promove a II Edi\u00e7\u00e3o do Exxquenta. A antecipa\u00e7\u00e3o da folia acontece no dia 14 de fevereiro de 2023, ter\u00e7a feira, na Rua Furriel Lu\u00edz Ant\u00f4nio de Vargas, 391 &#8211; Bela Vista, Porto Alegre. Ingressos a R$ 50,00 ou nome na lista com isen\u00e7\u00e3o e welcome drink.<\/p>\n\n\n\n<p>A noite de pr\u00e9-carnaval acontece numa vibe de muita anima\u00e7\u00e3o, clima descontra\u00eddo e informal. A m\u00fasica ser\u00e1 um dos pontos altos da noite do Exxquenta Diver. DJ convidado ir\u00e1 tocar os ritmos do samba, forr\u00f3, ax\u00e9, sertanejo e outros g\u00eaneros musicais. Al\u00e9m da boa m\u00fasica e energia, a festa segue no ritmo da dan\u00e7a.<\/p>\n\n\n\n<p>A ideia \u00e9 se jogar na pista! Dan\u00e7arinos v\u00e3o estar no local sugerindo passos de dan\u00e7a e coreografias que prometem surpreender esse \u2018pr\u00e9-ensaio\u2019 carnavalesco no Diver.&nbsp;Com boa gastronomia, drinks, cervejas, vinhos, espumantes e op\u00e7\u00f5es n\u00e3o alco\u00f3licas. Seja qual for a escolha, o Exxquenta pr\u00e9-carnaval no Diver \u00e9 a oportunidade perfeita para animar e aquecer as baterias para a loucura dos dias de carnaval que vem por a\u00ed!<\/p>\n\n\n\n<p><strong>Servi\u00e7o:<\/strong><\/p>\n\n\n\n<p>II Edi\u00e7\u00e3o do Pr\u00e9-Carnaval Exxquenta Diver<\/p>\n\n\n\n<p>Dia 14 de fevereiro de 2023, ter\u00e7a-feira.<\/p>\n\n\n\n<p>DJ para animar a festa. Dan\u00e7arinos e ensinam ritmos e coreografias no evento.<\/p>\n\n\n\n<p>Ingressos &#8211; R$ 50,00 por pessoa. Com nome na lista isen\u00e7\u00e3o do valor. Uma cerveja Estrella Gal\u00edcia de boas-vindas. Mini-make. Para quem desejar tamb\u00e9m estar\u00e1 dispon\u00edvel no espa\u00e7o para venda artigos e adornos carnavalescos.&nbsp;<\/p>\n\n\n\n<p>Na Rua. Furriel Lu\u00edz Ant\u00f4nio de Vargas, 391 &#8211; Bela Vista, Porto Alegre. Mais informa\u00e7\u00f5es em @diverrestopartybar<\/p>\n","protected":false},"excerpt":{"rendered":"<p>Festa de pr\u00e9-carnaval acontece dia 14 de fevereiro de 2023 em Porto Alegre\u00a0 Aproveitar uma noite de pr\u00e9-carnaval \u00e9 uma \u00f3tima forma de celebrar a chegada da festa mais animada do ano. Nesse ritmo, o Diver Resto Party Bar, promove a II Edi\u00e7\u00e3o do Exxquenta. A antecipa\u00e7\u00e3o da folia acontece no dia 14 de fevereiro [&hellip;]<\/p>\n","protected":false},"author":2,"featured_media":1222,"comment_status":"open","ping_status":"open","sticky":false,"template":"","format":"standard","meta":{"footnotes":""},"categories":[4],"tags":[],"_links":{"self":[{"href":"http:\/\/fabianobrasil.com.br\/site\/wp-json\/wp\/v2\/posts\/1221"}],"collection":[{"href":"http:\/\/fabianobrasil.com.br\/site\/wp-json\/wp\/v2\/posts"}],"about":[{"href":"http:\/\/fabianobrasil.com.br\/site\/wp-json\/wp\/v2\/types\/post"}],"author":[{"embeddable":true,"href":"http:\/\/fabianobrasil.com.br\/site\/wp-json\/wp\/v2\/users\/2"}],"replies":[{"embeddable":true,"href":"http:\/\/fabianobrasil.com.br\/site\/wp-json\/wp\/v2\/comments?post=1221"}],"version-history":[{"count":1,"href":"http:\/\/fabianobrasil.com.br\/site\/wp-json\/wp\/v2\/posts\/1221\/revisions"}],"predecessor-version":[{"id":1223,"href":"http:\/\/fabianobrasil.com.br\/site\/wp-json\/wp\/v2\/posts\/1221\/revisions\/1223"}],"wp:featuredmedia":[{"embeddable":true,"href":"http:\/\/fabianobrasil.com.br\/site\/wp-json\/wp\/v2\/media\/1222"}],"wp:attachment":[{"href":"http:\/\/fabianobrasil.com.br\/site\/wp-json\/wp\/v2\/media?parent=1221"}],"wp:term":[{"taxonomy":"category","embeddable":true,"href":"http:\/\/fabianobrasil.com.br\/site\/wp-json\/wp\/v2\/categories?post=1221"},{"taxonomy":"post_tag","embeddable":true,"href":"http:\/\/fabianobrasil.com.br\/site\/wp-json\/wp\/v2\/tags?post=1221"}],"curies":[{"name":"wp","href":"https:\/\/api.w.org\/{rel}","templated":true}]}}