{"id":1193,"date":"2022-11-08T10:04:48","date_gmt":"2022-11-08T13:04:48","guid":{"rendered":"http:\/\/fabianobrasil.com.br\/site\/?p=1193"},"modified":"2022-11-08T10:04:48","modified_gmt":"2022-11-08T13:04:48","slug":"torino-mercato-e-caffe-inaugura-espaco-de-convivencia","status":"publish","type":"post","link":"http:\/\/fabianobrasil.com.br\/site\/2022\/11\/08\/torino-mercato-e-caffe-inaugura-espaco-de-convivencia\/","title":{"rendered":"<strong>Torino Mercato e Caff\u00e8 inaugura espa\u00e7o de conviv\u00eancia<\/strong>"},"content":{"rendered":"\n<p><strong><em>Mix de produtos e atendimento tornam o mercado uma refer\u00eancia no Bom Fim<\/em><\/strong><\/p>\n\n\n\n<p>Foram atualizados os conceitos de mercado de bairro na capital dos ga\u00fachos. O motivo \u00e9 o lan\u00e7amento do espa\u00e7o de conviv\u00eancia do&nbsp;<strong>Torino Mercato e Caff\u00e8.<\/strong>&nbsp;O ambiente na parte externa, com mesas e cadeiras, faz parte da amplia\u00e7\u00e3o do estabelecimento. Recebe amigos, clientes, vizinhos e imprensa, para o seu coquetel de inaugura\u00e7\u00e3o no dia 09 de novembro de 2022, das 17h \u00e0s 20h. Entre os diferenciais do mercado de bairro est\u00e3o as portas abertas nos 365 dias do ano.<\/p>\n\n\n\n<p>Localizado na Rua Ant\u00e3o de Faria n\u00ba 90, esquina da Rua Tomaz Flores, no cora\u00e7\u00e3o do bairro Bom Fim, em Porto Alegre-RS, o Torino Mercato e Caff\u00e8 foi concebido&nbsp;h\u00e1 nove anos, tendo como grande inspira\u00e7\u00e3o a cidade de Turim, na It\u00e1lia. Tendo como modelo de neg\u00f3cios mercados italianos. Onde l\u00e1 os espa\u00e7os s\u00e3o pequenos e possuem uma variedade de produtos de boa qualidade. Prezando pelo atendimento personalizado.<\/p>\n\n\n\n<p>\u00c0 frente do Torino Mercato e Caff\u00e8, est\u00e3o o casal Monalisa Zanoni e Marcos Dexheimer e o s\u00f3cio Nestor Zanoni. De origem italiana, os empreendedores investiram no tradicional ponto comercial que antes abrigava o Mercado Spinelli. A troca de identidade visual veio para melhor atender a demanda e implantar uma nova filosofia de trabalho comercial. Tendo como base a dedica\u00e7\u00e3o da equipe e a experi\u00eancia. Resultando numa importante refer\u00eancia local de bem servir os clientes.<\/p>\n\n\n\n<p><strong>Vizinhan\u00e7a do Torino Mercato e Caff\u00e8<\/strong><\/p>\n\n\n\n<p>A empresa familiar tem o esp\u00edrito colaborativo, de estar ao lado do vizinho, junto aos moradores do bairro, atendendo suas demandas de forma pontual e com comodidade. Com esse prop\u00f3sito, as rela\u00e7\u00f5es de neg\u00f3cio se fortalecem, cada vez mais.<\/p>\n\n\n\n<p>O Torino Mercato e Caff\u00e8 disp\u00f5e de opera\u00e7\u00f5es como padaria, confeitaria, a\u00e7ougue, e agora, o mais novo ambiente de conviv\u00eancia. \u201cO objetivo \u00e9 ampliar nosso envolvimento oferecendo um leque de produtos com conveni\u00eancia aos nossos vizinhos e p\u00fablico em geral que, diariamente, frequentam nosso mercado\u201d, explica Monalisa.<\/p>\n\n\n\n<p>O cheiro do p\u00e3o, a variedade de doces, tortas e salgados com receitas autorais da casa, fazem do local um ponto de encontro nas manh\u00e3s e finais da tarde. E quando o assunto s\u00e3o as \u2018boas compras\u2019, ganham a prefer\u00eancia. &nbsp;Al\u00e9m disso, \u00e9 poss\u00edvel adquirir frutas fresquinhas, uma sele\u00e7\u00e3o de r\u00f3tulos de vinhos, espumantes e destilados, satisfazendo os mais exigentes paladares.<\/p>\n\n\n\n<p>E mais &#8211; do cafezinho expresso ao passado, o Torino ainda oferece o prato do dia. Trazendo uma alimenta\u00e7\u00e3o caseira, temperos selecionados e lanches especiais. Como os baguetes, que dispensam coment\u00e1rios! J\u00e1 nos finais de semana,os pedidos de carnes e frangos assados ganham protagonismos. A diversidade de r\u00f3tulos de bebidas e refrigerantes geladas complementam as op\u00e7\u00f5es. &#8220;Tratamos nossos clientes como nossa fam\u00edlia. S\u00e3o tantas hist\u00f3rias envolvidas que nos cercam nesta rela\u00e7\u00e3o di\u00e1ria, que muitas vezes, se o cliente n\u00e3o vem ao nosso encontro, faltando um dia ou dois, ficamos preocupados\u201d, explica Nestor Zanoni.&nbsp; Os pedidos e encomendas podem ser feitos pelo Whatsapp 51. 99878 5225. Disponibilidade e acesso \u00e0s compras de segunda a sexta-feira das 7h \u00e0s 21h e s\u00e1bados, domingos e feriados, das 8h30 \u00e0s 20h. Para saber mais siga @torinomercato<\/p>\n","protected":false},"excerpt":{"rendered":"<p>Mix de produtos e atendimento tornam o mercado uma refer\u00eancia no Bom Fim Foram atualizados os conceitos de mercado de bairro na capital dos ga\u00fachos. O motivo \u00e9 o lan\u00e7amento do espa\u00e7o de conviv\u00eancia do&nbsp;Torino Mercato e Caff\u00e8.&nbsp;O ambiente na parte externa, com mesas e cadeiras, faz parte da amplia\u00e7\u00e3o do estabelecimento. Recebe amigos, clientes, [&hellip;]<\/p>\n","protected":false},"author":2,"featured_media":1194,"comment_status":"open","ping_status":"open","sticky":false,"template":"","format":"standard","meta":{"footnotes":""},"categories":[4],"tags":[],"_links":{"self":[{"href":"http:\/\/fabianobrasil.com.br\/site\/wp-json\/wp\/v2\/posts\/1193"}],"collection":[{"href":"http:\/\/fabianobrasil.com.br\/site\/wp-json\/wp\/v2\/posts"}],"about":[{"href":"http:\/\/fabianobrasil.com.br\/site\/wp-json\/wp\/v2\/types\/post"}],"author":[{"embeddable":true,"href":"http:\/\/fabianobrasil.com.br\/site\/wp-json\/wp\/v2\/users\/2"}],"replies":[{"embeddable":true,"href":"http:\/\/fabianobrasil.com.br\/site\/wp-json\/wp\/v2\/comments?post=1193"}],"version-history":[{"count":1,"href":"http:\/\/fabianobrasil.com.br\/site\/wp-json\/wp\/v2\/posts\/1193\/revisions"}],"predecessor-version":[{"id":1195,"href":"http:\/\/fabianobrasil.com.br\/site\/wp-json\/wp\/v2\/posts\/1193\/revisions\/1195"}],"wp:featuredmedia":[{"embeddable":true,"href":"http:\/\/fabianobrasil.com.br\/site\/wp-json\/wp\/v2\/media\/1194"}],"wp:attachment":[{"href":"http:\/\/fabianobrasil.com.br\/site\/wp-json\/wp\/v2\/media?parent=1193"}],"wp:term":[{"taxonomy":"category","embeddable":true,"href":"http:\/\/fabianobrasil.com.br\/site\/wp-json\/wp\/v2\/categories?post=1193"},{"taxonomy":"post_tag","embeddable":true,"href":"http:\/\/fabianobrasil.com.br\/site\/wp-json\/wp\/v2\/tags?post=1193"}],"curies":[{"name":"wp","href":"https:\/\/api.w.org\/{rel}","templated":true}]}}