{"id":1175,"date":"2022-09-25T13:18:55","date_gmt":"2022-09-25T16:18:55","guid":{"rendered":"http:\/\/fabianobrasil.com.br\/site\/?p=1175"},"modified":"2022-09-25T13:18:55","modified_gmt":"2022-09-25T16:18:55","slug":"com-sucesso-de-publico-festa-nacional-do-moranguinho-divulga-o-balanco-de-sua-19a-edicao","status":"publish","type":"post","link":"http:\/\/fabianobrasil.com.br\/site\/2022\/09\/25\/com-sucesso-de-publico-festa-nacional-do-moranguinho-divulga-o-balanco-de-sua-19a-edicao\/","title":{"rendered":"Com sucesso de p\u00fablico Festa Nacional do Moranguinho divulga o balan\u00e7o de sua 19\u00aa edi\u00e7\u00e3o"},"content":{"rendered":"\n<p><strong><em>Evento de 2022 foi recorde de p\u00fablico e comercializa\u00e7\u00e3o de morangos<\/em><\/strong><\/p>\n\n\n\n<p>Foi divulgado na tarde do dia 25 de setembro de 2022, o balan\u00e7o da 19\u00aa Festa Nacional do Moranguinho realizada em Bom Princ\u00edpio (RS). O tema Tempo de Celebrar, faz jus aos resultados conquistados nessa edi\u00e7\u00e3o, que obteve recorde de p\u00fablico e comercializa\u00e7\u00e3o de morangos.<\/p>\n\n\n\n<p>Em 2022, ingressaram na festa em torno 170 mil pessoas. Superando o n\u00famero da edi\u00e7\u00e3o de 2019 que foi de 130 mil.&nbsp;Circularam no Parque Municipal de Bom Princ\u00edpio, visitantes dos mais variados munic\u00edpios do RS, demais estados brasileiros e da vizinha Argentina. Outro destaque foi a comercializa\u00e7\u00e3o de 12 toneladas de morangos in natura, validando a fruta e a sua versatilidade em diversos pratos e gastronomia.<\/p>\n\n\n\n<p>O evento se consolida como um dos maiores do Brasil, conferindo ao munic\u00edpio de Bom Princ\u00edpio, o t\u00edtulo de \u201cTerra do Moranguinho\u201d. O presidente da comiss\u00e3o da Festa Nacional do Moranguinho, Bernardo Oliveira Rodrigues, ressaltou a import\u00e2ncia da participa\u00e7\u00e3o da comunidade no evento, a valoriza\u00e7\u00e3o do produtor da fruta, o prest\u00edgio de todos os visitantes e turistas que vieram \u00e0 cidade vivenciar a festa e entreter-se com as mais de 120 atra\u00e7\u00f5es oferecidas para todos os gostos, durante a programa\u00e7\u00e3o.<\/p>\n\n\n\n<p>Vale destacar o engajamento da comiss\u00e3o organizadora, soberanas, patrocinadores e apoiadores, que acreditaram no projeto da festa depois da pandemia e incertezas, sendo resilientes e confiantes na elabora\u00e7\u00e3o das novidades apresentadas na 19\u00aa edi\u00e7\u00e3o da Festa Nacional do Moranguinho. \u201cHoje, todos n\u00f3s temos muito para comemorar. Os resultados auferidos, s\u00e3o oriundos do trabalho da equipe comprometida com a cidade e a festa. E este ser\u00e1 o grande legado para a pr\u00f3xima edi\u00e7\u00e3o do evento que deve ocorrer em setembro de 2023\u201d, adianta Rodrigues.<\/p>\n","protected":false},"excerpt":{"rendered":"<p>Evento de 2022 foi recorde de p\u00fablico e comercializa\u00e7\u00e3o de morangos Foi divulgado na tarde do dia 25 de setembro de 2022, o balan\u00e7o da 19\u00aa Festa Nacional do Moranguinho realizada em Bom Princ\u00edpio (RS). O tema Tempo de Celebrar, faz jus aos resultados conquistados nessa edi\u00e7\u00e3o, que obteve recorde de p\u00fablico e comercializa\u00e7\u00e3o de [&hellip;]<\/p>\n","protected":false},"author":2,"featured_media":1176,"comment_status":"open","ping_status":"open","sticky":false,"template":"","format":"standard","meta":{"footnotes":""},"categories":[4],"tags":[],"_links":{"self":[{"href":"http:\/\/fabianobrasil.com.br\/site\/wp-json\/wp\/v2\/posts\/1175"}],"collection":[{"href":"http:\/\/fabianobrasil.com.br\/site\/wp-json\/wp\/v2\/posts"}],"about":[{"href":"http:\/\/fabianobrasil.com.br\/site\/wp-json\/wp\/v2\/types\/post"}],"author":[{"embeddable":true,"href":"http:\/\/fabianobrasil.com.br\/site\/wp-json\/wp\/v2\/users\/2"}],"replies":[{"embeddable":true,"href":"http:\/\/fabianobrasil.com.br\/site\/wp-json\/wp\/v2\/comments?post=1175"}],"version-history":[{"count":1,"href":"http:\/\/fabianobrasil.com.br\/site\/wp-json\/wp\/v2\/posts\/1175\/revisions"}],"predecessor-version":[{"id":1177,"href":"http:\/\/fabianobrasil.com.br\/site\/wp-json\/wp\/v2\/posts\/1175\/revisions\/1177"}],"wp:featuredmedia":[{"embeddable":true,"href":"http:\/\/fabianobrasil.com.br\/site\/wp-json\/wp\/v2\/media\/1176"}],"wp:attachment":[{"href":"http:\/\/fabianobrasil.com.br\/site\/wp-json\/wp\/v2\/media?parent=1175"}],"wp:term":[{"taxonomy":"category","embeddable":true,"href":"http:\/\/fabianobrasil.com.br\/site\/wp-json\/wp\/v2\/categories?post=1175"},{"taxonomy":"post_tag","embeddable":true,"href":"http:\/\/fabianobrasil.com.br\/site\/wp-json\/wp\/v2\/tags?post=1175"}],"curies":[{"name":"wp","href":"https:\/\/api.w.org\/{rel}","templated":true}]}}