{"id":1170,"date":"2022-09-12T18:33:50","date_gmt":"2022-09-12T21:33:50","guid":{"rendered":"http:\/\/fabianobrasil.com.br\/site\/?p=1170"},"modified":"2022-09-12T18:33:50","modified_gmt":"2022-09-12T21:33:50","slug":"abertas-as-inscricoes-para-o-ii-congresso-internacional-de-inteligencia-emocional","status":"publish","type":"post","link":"http:\/\/fabianobrasil.com.br\/site\/2022\/09\/12\/abertas-as-inscricoes-para-o-ii-congresso-internacional-de-inteligencia-emocional\/","title":{"rendered":"Abertas as inscri\u00e7\u00f5es para o II Congresso Internacional de Intelig\u00eancia Emocional \u00a0"},"content":{"rendered":"\n<p><strong><em>Como encontrar equil\u00edbrio em meio ao caos \u00e9 tema do evento que ocorre em 20 outubro de 2022 e ser\u00e1 apresentado on line em plataforma inovadora<\/em><\/strong><\/p>\n\n\n\n<p>Est\u00e3o abertas as inscri\u00e7\u00f5es para a II edi\u00e7\u00e3o do Congresso Internacional de Intelig\u00eancia Emocional. As informa\u00e7\u00f5es j\u00e1 est\u00e3o dispon\u00edveis pelo site <a href=\"http:\/\/www.congressoie.com.br\">www.congressoie.com.br<\/a>. O evento que ocorrer\u00e1 no dia 20 de outubro de 2022, quinta-feira, ao vivo, on-line, das 08h \u00e0s 18h, apresenta novidades, trazendo palestrantes nacionais e internacionais. &nbsp;\u00c0 frente da organiza\u00e7\u00e3o do congresso, as empres\u00e1rias Brenda Giuriolo da BG Desenvolvimento Comportamental e Helena Brochado da Com Prop\u00f3sito. Profissionais com expertise de mercado que se uniram para promover experi\u00eancias e conhecimento sobre intelig\u00eancia emocional, sa\u00fade mental e bem-estar das pessoas nas organiza\u00e7\u00f5es.<\/p>\n\n\n\n<p>O Congresso Internacional de Intelig\u00eancia Emocional acontece numa importante conjuntura de retomada. Tanto no \u00e2mbito pessoal, como no trabalho, economia e nos neg\u00f3cios. Sendo um momento ideal para compartilhar conhecimentos. Com foco nos grupos de colaboradores e times de sua empresa, atendendo demandas do universo corporativo, ind\u00fastrias, institui\u00e7\u00f5es e organiza\u00e7\u00f5es de todos os portes.<\/p>\n\n\n\n<p>As atividades ter\u00e3o oito horas de dura\u00e7\u00e3o. Os participantes ir\u00e3o aprender com&nbsp;especialistas da \u00e1rea em gest\u00e3o emocional, felicidade e bem-estar no trabalho. A experi\u00eancia dos palestrantes deve inspirar novos insights, buscando oportunizar melhores resultados \u00e0 vida pessoal e profissional.<\/p>\n\n\n\n<p><strong>Spatial Chat<\/strong><\/p>\n\n\n\n<p>O ambiente virtual do Congresso Internacional de Intelig\u00eancia Emocional ser\u00e1 apresentado com a tecnologia Spatial Chat. Uma plataforma de intera\u00e7\u00e3o onde os participantes se movimentam livremente e conversam com quem desejar. Nas salas ou em um grupo de discuss\u00e3o, basta arrastar o avatar para perto da pessoa que deseja ouvir. Outro destaque nessa plataforma s\u00e3o as ferramentas que ajudam a organizar as ideias, de forma colaborativa. E que devem auxiliar a gerenciar os fluxos de trabalho durante o encontro, com possibilidades de exposi\u00e7\u00e3o do material de divulga\u00e7\u00e3o, numa grande conex\u00e3o profissional.<\/p>\n\n\n\n<p>Servi\u00e7o:<\/p>\n\n\n\n<p>II Congresso Internacional de Intelig\u00eancia Emocional &#8211; Dia 20 de outubro de 2022. Quinta-feira. Ao vivo e online. Tecnologia Spatial Chat &#8211; Das 8h \u00e0s 18h. Organiza\u00e7\u00e3o: BG Desenvolvimento Comportamental e Com Prop\u00f3sito. P\u00fablico: empres\u00e1rios, estudantes, l\u00edderes empresariais, gestores, recursos humanos, educadores e demais interessados. Confira os ingressos e a programa\u00e7\u00e3o completa em&nbsp;<a href=\"http:\/\/www.congressoie.com.br\">www.congressoie.com.br<\/a>. &nbsp;Para aquisi\u00e7\u00e3o on line em <a href=\"https:\/\/www.sympla.com.br\/evento-online\/ii-congresso-internacional-em-inteligencia-emocional-online\/1578351?lang=PT\">https:\/\/www.sympla.com.br\/evento-online\/ii-congresso-internacional-em-inteligencia-emocional-online\/1578351?lang=PT<\/a><\/p>\n","protected":false},"excerpt":{"rendered":"<p>Como encontrar equil\u00edbrio em meio ao caos \u00e9 tema do evento que ocorre em 20 outubro de 2022 e ser\u00e1 apresentado on line em plataforma inovadora Est\u00e3o abertas as inscri\u00e7\u00f5es para a II edi\u00e7\u00e3o do Congresso Internacional de Intelig\u00eancia Emocional. As informa\u00e7\u00f5es j\u00e1 est\u00e3o dispon\u00edveis pelo site www.congressoie.com.br. O evento que ocorrer\u00e1 no dia 20 [&hellip;]<\/p>\n","protected":false},"author":2,"featured_media":1172,"comment_status":"open","ping_status":"open","sticky":false,"template":"","format":"standard","meta":{"footnotes":""},"categories":[4],"tags":[],"_links":{"self":[{"href":"http:\/\/fabianobrasil.com.br\/site\/wp-json\/wp\/v2\/posts\/1170"}],"collection":[{"href":"http:\/\/fabianobrasil.com.br\/site\/wp-json\/wp\/v2\/posts"}],"about":[{"href":"http:\/\/fabianobrasil.com.br\/site\/wp-json\/wp\/v2\/types\/post"}],"author":[{"embeddable":true,"href":"http:\/\/fabianobrasil.com.br\/site\/wp-json\/wp\/v2\/users\/2"}],"replies":[{"embeddable":true,"href":"http:\/\/fabianobrasil.com.br\/site\/wp-json\/wp\/v2\/comments?post=1170"}],"version-history":[{"count":1,"href":"http:\/\/fabianobrasil.com.br\/site\/wp-json\/wp\/v2\/posts\/1170\/revisions"}],"predecessor-version":[{"id":1173,"href":"http:\/\/fabianobrasil.com.br\/site\/wp-json\/wp\/v2\/posts\/1170\/revisions\/1173"}],"wp:featuredmedia":[{"embeddable":true,"href":"http:\/\/fabianobrasil.com.br\/site\/wp-json\/wp\/v2\/media\/1172"}],"wp:attachment":[{"href":"http:\/\/fabianobrasil.com.br\/site\/wp-json\/wp\/v2\/media?parent=1170"}],"wp:term":[{"taxonomy":"category","embeddable":true,"href":"http:\/\/fabianobrasil.com.br\/site\/wp-json\/wp\/v2\/categories?post=1170"},{"taxonomy":"post_tag","embeddable":true,"href":"http:\/\/fabianobrasil.com.br\/site\/wp-json\/wp\/v2\/tags?post=1170"}],"curies":[{"name":"wp","href":"https:\/\/api.w.org\/{rel}","templated":true}]}}