{"id":1110,"date":"2022-04-29T16:31:25","date_gmt":"2022-04-29T19:31:25","guid":{"rendered":"http:\/\/fabianobrasil.com.br\/site\/?p=1110"},"modified":"2022-04-29T16:31:25","modified_gmt":"2022-04-29T19:31:25","slug":"dia-03-de-maio-no-gremio-nautico-uniao-em-porto-alegre-jantar-e-chefs-do-imama","status":"publish","type":"post","link":"http:\/\/fabianobrasil.com.br\/site\/2022\/04\/29\/dia-03-de-maio-no-gremio-nautico-uniao-em-porto-alegre-jantar-e-chefs-do-imama\/","title":{"rendered":"Dia 03 de maio, no Gr\u00eamio N\u00e1utico Uni\u00e3o em Porto Alegre jantar E Chefs do Imama"},"content":{"rendered":"\n<p>Renomados chefs, entre eles, Alexandre Sharin do Restaurante Sharin, Rog\u00e9rio Priori do Armaz\u00e9m do Bacalhau, Newton Kalil representando a confraria Uni\u00e3o Cook\u2019s, Eliana Godoy representando a confraria Uni\u00e3o D\u2019elas, Luciano Medeiros do O Luxo do Ga\u00facho e Anderson Caruso representando o Clash of Chefs s\u00e3o os respons\u00e1veis pelo jantar, que ter\u00e1 de assado de tira a bacalhau, contemplando diferentes op\u00e7\u00f5es para atender \u00e0s exig\u00eancias do p\u00fablico.\u00a0<\/p>\n\n\n\n<p>Mesas especiais tamb\u00e9m abrilhantam o jantar: As Salgadeiras e Dona Maricota ficam respons\u00e1veis pelas sobremesas.&nbsp; A noite ser\u00e1 de muito sabor \u00e0 mesa e solidariedade contribuindo para que o IMAMA possa continuar o trabalho de apoio a pacientes oncol\u00f3gicas que realiza h\u00e1 tr\u00eas d\u00e9cadas. Vini Netto, DC Project Live (Duo de violinista e DJ), Nalanda e DJ Capu garantem boas m\u00fasicas para o clima ser de reencontros, otimismo e divers\u00e3o.<\/p>\n\n\n\n<p>Os jornalistas ga\u00fachos Ivan Mattos e Laura Medina ser\u00e3o os cerimonialistas do evento. Os convites podem ser adquiridos na sede ou no site do IMAMA pelo valor de R$ 250,00. Esse \u00e9 um dos eventos mais importantes para a sustentabilidade do IMAMA, que garante a continuidade da sua trajet\u00f3ria na luta contra o c\u00e2ncer de mama no RS.<\/p>\n\n\n\n<p>O E-chefs tem o patroc\u00ednio de Ferragem Nova York, Hospital Moinhos de Vento e Fonte Sarandi, e o apoio de La Gualdi Uniformes, Orqu\u00eddea, Nutrimate, , Gr\u00eamio N\u00e1utico Uni\u00e3o, Olina, Casa Perini, Ambientallize, Sinergy, IMOBI, e produ\u00e7\u00e3o InPoa.<\/p>\n\n\n\n<p>Contato para ingressos:<\/p>\n\n\n\n<p>Site do IMAMA&nbsp;<a href=\"https:\/\/imama.org.br\/produto\/ingresso-clash-of-echefs\/\" target=\"_blank\" rel=\"noreferrer noopener\">https:\/\/imama.org.br\/produto\/ingresso-clash-of-echefs\/<\/a><\/p>\n\n\n\n<p>Sympla&nbsp;<a href=\"https:\/\/www.sympla.com.br\/19-encontro-de-chefs-de-cozinha-do-\" target=\"_blank\" rel=\"noreferrer noopener\">https:\/\/www.sympla.com.br\/19-encontro-de-chefs-de-cozinha-do-<\/a>&nbsp;rio-grande-do-sul&#8211;echefs-participacao-especial&#8211;clash-of-chefs__1547630<\/p>\n\n\n\n<p>Sede do IMAMA \u2013 Dr. Vale, 157 \u2013 Bairro Floresta \u2013 Porto Alegre. Espa\u00e7o IMAMA no terceiro andar do shopping Jo\u00e3o Pessoa.<\/p>\n\n\n\n<p>Na foto em destaque: Luciano Medeiros, O Luxo do Ga\u00facho e Tiago Leite, da Leiteria 639, apoiadores do evento. Cr\u00e9dito Jaqueline Pegoraro<\/p>\n","protected":false},"excerpt":{"rendered":"<p>Renomados chefs, entre eles, Alexandre Sharin do Restaurante Sharin, Rog\u00e9rio Priori do Armaz\u00e9m do Bacalhau, Newton Kalil representando a confraria Uni\u00e3o Cook\u2019s, Eliana Godoy representando a confraria Uni\u00e3o D\u2019elas, Luciano Medeiros do O Luxo do Ga\u00facho e Anderson Caruso representando o Clash of Chefs s\u00e3o os respons\u00e1veis pelo jantar, que ter\u00e1 de assado de tira [&hellip;]<\/p>\n","protected":false},"author":2,"featured_media":1111,"comment_status":"open","ping_status":"open","sticky":false,"template":"","format":"standard","meta":{"footnotes":""},"categories":[4],"tags":[],"_links":{"self":[{"href":"http:\/\/fabianobrasil.com.br\/site\/wp-json\/wp\/v2\/posts\/1110"}],"collection":[{"href":"http:\/\/fabianobrasil.com.br\/site\/wp-json\/wp\/v2\/posts"}],"about":[{"href":"http:\/\/fabianobrasil.com.br\/site\/wp-json\/wp\/v2\/types\/post"}],"author":[{"embeddable":true,"href":"http:\/\/fabianobrasil.com.br\/site\/wp-json\/wp\/v2\/users\/2"}],"replies":[{"embeddable":true,"href":"http:\/\/fabianobrasil.com.br\/site\/wp-json\/wp\/v2\/comments?post=1110"}],"version-history":[{"count":1,"href":"http:\/\/fabianobrasil.com.br\/site\/wp-json\/wp\/v2\/posts\/1110\/revisions"}],"predecessor-version":[{"id":1112,"href":"http:\/\/fabianobrasil.com.br\/site\/wp-json\/wp\/v2\/posts\/1110\/revisions\/1112"}],"wp:featuredmedia":[{"embeddable":true,"href":"http:\/\/fabianobrasil.com.br\/site\/wp-json\/wp\/v2\/media\/1111"}],"wp:attachment":[{"href":"http:\/\/fabianobrasil.com.br\/site\/wp-json\/wp\/v2\/media?parent=1110"}],"wp:term":[{"taxonomy":"category","embeddable":true,"href":"http:\/\/fabianobrasil.com.br\/site\/wp-json\/wp\/v2\/categories?post=1110"},{"taxonomy":"post_tag","embeddable":true,"href":"http:\/\/fabianobrasil.com.br\/site\/wp-json\/wp\/v2\/tags?post=1110"}],"curies":[{"name":"wp","href":"https:\/\/api.w.org\/{rel}","templated":true}]}}