{"id":1085,"date":"2022-03-03T10:37:11","date_gmt":"2022-03-03T13:37:11","guid":{"rendered":"http:\/\/fabianobrasil.com.br\/site\/?p=1085"},"modified":"2022-03-03T10:37:11","modified_gmt":"2022-03-03T13:37:11","slug":"volta-as-aulas-exige-atencao-com-alimentacao-de-criancas-com-diabetes","status":"publish","type":"post","link":"http:\/\/fabianobrasil.com.br\/site\/2022\/03\/03\/volta-as-aulas-exige-atencao-com-alimentacao-de-criancas-com-diabetes\/","title":{"rendered":"Volta \u00e0s aulas exige aten\u00e7\u00e3o com alimenta\u00e7\u00e3o de crian\u00e7as com diabetes"},"content":{"rendered":"\n<p><strong><em>Instituto da Crian\u00e7a com Diabetes estima que mais de 9 mil jovens abaixo dos 20 anos convivem com o diabetes tipo 1 no Estado<\/em><\/strong><\/p>\n\n\n\n<p>O in\u00edcio do calend\u00e1rio escolar de 2022, no Estado do Rio Grande do Sul, traz consigo um misto de ansiedade e motiva\u00e7\u00e3o, tanto por parte dos professores, como de pais e alunos. Este ano, al\u00e9m do novo processo de aprendizagem a ser implementado, tamb\u00e9m preocupam os cuidados com rela\u00e7\u00e3o a pandemia de coronav\u00edrus, no ambiente escolar. As crian\u00e7as, \u00e1vidas por esse retorno ao processo de socializa\u00e7\u00e3o das quais foram exclu\u00eddas em fun\u00e7\u00e3o do isolamento social, enfrentam agora, in\u00fameros desafios.<\/p>\n\n\n\n<p>Os pais de filhos com diabetes exp\u00f5em-se, igualmente, a uma preocupa\u00e7\u00e3o adicional. A alimenta\u00e7\u00e3o das crian\u00e7as. Que representa um dos pilares do tratamento do diabetes, especialmente, pela necessidade do controle dos \u00edndices da glicemia. Associado a isso, est\u00e1 um cronograma de hor\u00e1rios para a realiza\u00e7\u00e3o das refei\u00e7\u00f5es e a sele\u00e7\u00e3o de alimentos saud\u00e1veis. Al\u00e9m da pr\u00e1tica regular de exerc\u00edcios f\u00edsicos, planejados por pais e mentores educacionais. A responsabilidade \u00e9 solid\u00e1ria. E deve ser compartilhada por todos.<\/p>\n\n\n\n<p>O alerta vem do Instituto da Crian\u00e7a com Diabetes do Rio Grande do Sul (ICD\/RS). Que viu, nos \u00faltimos tempos, aumentar o n\u00famero de informa\u00e7\u00f5es concedidas aos respons\u00e1veis em torno da tem\u00e1tica da alimenta\u00e7\u00e3o, sobretudo, em decorr\u00eancia da pandemia. Al\u00e9m disso, pesquisas realizadas pela International Diabetes Federation (IDF), projetam um aumento elevado no n\u00famero de casos de diabetes tipo 1 e 2&nbsp;em crian\u00e7as e jovens at\u00e9 19 anos. O atlas, divulgado bianualmente pelo IDF, mostra que mais de 537 milh\u00f5es de pessoas convivem com a doen\u00e7a no mundo. O Brasil \u00e9 o sexto pa\u00eds neste ranking global. Apenas no Rio Grande do Sul, s\u00e3o mais de 9 mil pessoas abaixo dos 20 anos que convivem com o diabetes tipo 1. Cerca de 40% de toda esta demanda \u00e9 atendida pela institui\u00e7\u00e3o.<\/p>\n\n\n\n<p>Dr. Balduino Tschiedel, m\u00e9dico endocrinologista e Diretor Presidente do Instituto da Crian\u00e7a com Diabetes diz que, agora, com o retorno dos alunos para a sala de aula, cabe aos pais, em conjunto com os filhos e professores, um olhar mais atento com rela\u00e7\u00e3o ao que est\u00e3o ingerindo. Um cuidado especial tamb\u00e9m \u00e9 v\u00e1lido para refei\u00e7\u00f5es compartilhadas com outros colegas e nas merendas escolares oferecidas, que nem sempre atendem \u00e0s expectativas de alimenta\u00e7\u00e3o recomendada aos diab\u00e9ticos. Al\u00e9m de um bom di\u00e1logo, entre a fam\u00edlia e a escola. \u201c\u00c9 um momento euf\u00f3rico. E em alguns casos, \u00e9 na comida que os alunos, fora do olhar rigoroso dos pais, acabam caindo para substituir ou amenizar frustra\u00e7\u00f5es. Essa situa\u00e7\u00e3o contribui, de forma direta, para atrapalhar o tratamento do diabetes\u201d, enfatiza.<\/p>\n\n\n\n<p>Segundo a nutricionista Carla Molz, que faz parte da equipe interdisciplinar do ICD, recomenda-se que pais e filhos planejem um card\u00e1pio semanal e incluam os itens na sua lista de compras, tais como: frutas frescas da esta\u00e7\u00e3o, l\u00e1cteos, p\u00e3es e biscoitos integrais, lembrando que as quantidades devem ser as que foram ajustadas no plano alimentar, o que \u00e9 individual para cada crian\u00e7a. Outro detalhe importante, sinalizado pela profissional, est\u00e1 na comunica\u00e7\u00e3o frequente entre pais e crian\u00e7as. Saber como foi a rotina escolar e as novidades \u00e9 uma maneira investigativa para antecipar futuros problemas decorrentes com a sa\u00fade das crian\u00e7as com diabetes.<\/p>\n\n\n\n<p>Sobre o Instituto da Crian\u00e7a com Diabetes (ICD)<\/p>\n\n\n\n<p>OInstituto da Crian\u00e7a com Diabetes (ICD), entidade privada sem fins lucrativos, foi fundada em 1998. Presta assist\u00eancia interdisciplinar a mais de 4.300 crian\u00e7as e jovens, com foco em diabetes Tipo 1, atrav\u00e9s de um Programa de Educa\u00e7\u00e3o Continuada, oferecendo tratamento (com acesso tamb\u00e9m a novas tecnologias) e Assist\u00eancia Social. Tudo isso em uma infraestrutura completa, com Hospital-Dia, Ambulat\u00f3rio e&nbsp;<em>Hot-Line (<\/em>uma linha telef\u00f4nica para atendimento espec\u00edfico aos pacientes, familiares e cuidadores). Todo o atendimento \u00e9 gratuito, atrav\u00e9s do&nbsp;Sistema \u00danico de Sa\u00fade (SUS), mediante conv\u00eanio de parceria com o Grupo Hospitalar Concei\u00e7\u00e3o (GHC). Uma equipe t\u00e9cnica formada por endocrinologistas, nefrologistas, oftalmologistas, psiquiatras, vascular, enfermeiras, nutricionistas, psic\u00f3logas, dentistas, assistentes sociais e educadores f\u00edsicos presta atendimento integral aos pacientes.<\/p>\n\n\n\n<p>O Diabetes Tipo 1 \u00e9 uma doen\u00e7a silenciosa e com tratamento caro. Por isso, atrav\u00e9s do que capta com doa\u00e7\u00f5es, o ICD fornece gratuitamente aos pacientes insumos como insulinas, tiras, monitor de glicemia, agulhas, lancetas e lancetadores na primeira consulta e quando se faz necess\u00e1rio.&nbsp;Nestes 24 anos de exist\u00eancia, o ICD trouxe uma nova vis\u00e3o em termos de cuidado com a sa\u00fade da crian\u00e7a e do jovem com diabetes no Brasil, onde a assist\u00eancia com m\u00faltiplos profissionais capacitados, se alia a um programa de educa\u00e7\u00e3o di\u00e1rio, alcan\u00e7ando toda a fam\u00edlia. O sucesso do empreendimento \u00e9 facilmente verific\u00e1vel, pela redu\u00e7\u00e3o de 94% nas interna\u00e7\u00f5es hospitalares.<\/p>\n\n\n\n<p>Mais pelo link <a href=\"https:\/\/www.icdrs.org.br\/\">https:\/\/www.icdrs.org.br\/<\/a> Endere\u00e7o ICD &#8211; Rua \u00c1lvares Cabral, 529 Bairro Cristo Redentor \/ Porto Alegre &#8211; RS Contato <a href=\"mailto:corrida@icdrs.org.br\">corrida@icdrs.org.br<\/a> (51) 3341.2450 (51) 98168.0817<\/p>\n","protected":false},"excerpt":{"rendered":"<p>Instituto da Crian\u00e7a com Diabetes estima que mais de 9 mil jovens abaixo dos 20 anos convivem com o diabetes tipo 1 no Estado O in\u00edcio do calend\u00e1rio escolar de 2022, no Estado do Rio Grande do Sul, traz consigo um misto de ansiedade e motiva\u00e7\u00e3o, tanto por parte dos professores, como de pais e [&hellip;]<\/p>\n","protected":false},"author":2,"featured_media":1086,"comment_status":"open","ping_status":"open","sticky":false,"template":"","format":"standard","meta":{"footnotes":""},"categories":[1],"tags":[],"_links":{"self":[{"href":"http:\/\/fabianobrasil.com.br\/site\/wp-json\/wp\/v2\/posts\/1085"}],"collection":[{"href":"http:\/\/fabianobrasil.com.br\/site\/wp-json\/wp\/v2\/posts"}],"about":[{"href":"http:\/\/fabianobrasil.com.br\/site\/wp-json\/wp\/v2\/types\/post"}],"author":[{"embeddable":true,"href":"http:\/\/fabianobrasil.com.br\/site\/wp-json\/wp\/v2\/users\/2"}],"replies":[{"embeddable":true,"href":"http:\/\/fabianobrasil.com.br\/site\/wp-json\/wp\/v2\/comments?post=1085"}],"version-history":[{"count":1,"href":"http:\/\/fabianobrasil.com.br\/site\/wp-json\/wp\/v2\/posts\/1085\/revisions"}],"predecessor-version":[{"id":1087,"href":"http:\/\/fabianobrasil.com.br\/site\/wp-json\/wp\/v2\/posts\/1085\/revisions\/1087"}],"wp:featuredmedia":[{"embeddable":true,"href":"http:\/\/fabianobrasil.com.br\/site\/wp-json\/wp\/v2\/media\/1086"}],"wp:attachment":[{"href":"http:\/\/fabianobrasil.com.br\/site\/wp-json\/wp\/v2\/media?parent=1085"}],"wp:term":[{"taxonomy":"category","embeddable":true,"href":"http:\/\/fabianobrasil.com.br\/site\/wp-json\/wp\/v2\/categories?post=1085"},{"taxonomy":"post_tag","embeddable":true,"href":"http:\/\/fabianobrasil.com.br\/site\/wp-json\/wp\/v2\/tags?post=1085"}],"curies":[{"name":"wp","href":"https:\/\/api.w.org\/{rel}","templated":true}]}}